{"id":6396,"date":"2017-06-26T18:16:16","date_gmt":"2017-06-26T17:16:16","guid":{"rendered":"http:\/\/www.urbinavolant.com\/verbavolant\/?p=6396"},"modified":"2017-06-26T18:17:02","modified_gmt":"2017-06-26T17:17:02","slug":"la-musica-de-nuestras-vidas","status":"publish","type":"post","link":"https:\/\/www.urbinavolant.com\/verbavolant\/index.php\/2017\/06\/26\/la-musica-de-nuestras-vidas\/","title":{"rendered":"La m\u00fasica de nuestras vidas"},"content":{"rendered":"<p style=\"text-align: center;\"><a href=\"https:\/\/flic.kr\/p\/b1q3dK\"><img data-recalc-dims=\"1\" loading=\"lazy\" decoding=\"async\" class=\"aligncenter size-full wp-image-6397\" src=\"https:\/\/i0.wp.com\/www.urbinavolant.com\/verbavolant\/wp-content\/uploads\/2017\/06\/IMG_0048.jpg?resize=640%2C640&#038;ssl=1\" alt=\"\" width=\"640\" height=\"640\" srcset=\"https:\/\/i0.wp.com\/www.urbinavolant.com\/verbavolant\/wp-content\/uploads\/2017\/06\/IMG_0048.jpg?w=640&amp;ssl=1 640w, https:\/\/i0.wp.com\/www.urbinavolant.com\/verbavolant\/wp-content\/uploads\/2017\/06\/IMG_0048.jpg?resize=290%2C290&amp;ssl=1 290w, https:\/\/i0.wp.com\/www.urbinavolant.com\/verbavolant\/wp-content\/uploads\/2017\/06\/IMG_0048.jpg?resize=300%2C300&amp;ssl=1 300w\" sizes=\"auto, (max-width: 640px) 100vw, 640px\" \/><\/a><\/p>\n<p style=\"text-align: justify;\">La m\u00fasica de nuestras vidas. No es la m\u00fasica tuya, ni la m\u00eda. Es una sinton\u00eda vital colectiva y azarosa, que escucho porque la escuchas t\u00fa, porque aparece sin m\u00e1s, que suena en un momento y que te acompa\u00f1a siempre.<\/p>\n<p style=\"text-align: justify;\">Es la m\u00fasica que suena cuando bailas, cuando besas. O la que escuchas mientras tomas un pincho de tortilla. O la que escuchas en la radio. O la del v\u00eddeo cuando est\u00e1 la televisi\u00f3n encendida y destella en la MTV. O la de la pel\u00edcula que tanto te gustaba.<\/p>\n<p style=\"text-align: justify;\">La m\u00fasica de nuestras vidas no la escogemos. Tampoco es la que m\u00e1s nos gusta. Ni la que escuchamos con m\u00e1s frecuencia.\u00a0Es la que est\u00e1 agazapada y te estrangula con un recuerdo, la que te devuelve un momento de alegr\u00eda intensa, inmensa, la que sonaba tras un adi\u00f3s estrepitoso.<\/p>\n<p style=\"text-align: justify;\">Es una m\u00fasica hecha en un presente y que sonar\u00e1 tambi\u00e9n en el futuro, pero de la que solo somos conscientes cuando nos evoca un pasado.<\/p>\n<p style=\"text-align: justify;\">Es la m\u00fasica de nuestras vidas. La que nos elige para siempre. La que suena, a veces, dentro de nuestro coraz\u00f3n.<\/p>\n<p>Imagen de <a href=\"https:\/\/flic.kr\/p\/b1q3dK\">Cees Wouda<\/a>.<\/p>\n","protected":false},"excerpt":{"rendered":"<p>La m\u00fasica de nuestras vidas. No es la m\u00fasica tuya, ni la m\u00eda. Es una sinton\u00eda vital colectiva y azarosa, que escucho porque la escuchas t\u00fa, porque aparece sin m\u00e1s, que suena en un momento y que te acompa\u00f1a siempre. Es la m\u00fasica que suena cuando bailas, cuando besas. O la que escuchas mientras tomas &#8230; <a title=\"La m\u00fasica de nuestras vidas\" class=\"read-more\" href=\"https:\/\/www.urbinavolant.com\/verbavolant\/index.php\/2017\/06\/26\/la-musica-de-nuestras-vidas\/\" aria-label=\"Leer m\u00e1s sobre La m\u00fasica de nuestras vidas\">Leer m\u00e1s<\/a><\/p>\n","protected":false},"author":1,"featured_media":0,"comment_status":"open","ping_status":"open","sticky":false,"template":"","format":"standard","meta":{"_monsterinsights_skip_tracking":false,"_monsterinsights_sitenote_active":false,"_monsterinsights_sitenote_note":"","_monsterinsights_sitenote_category":0,"_kadence_starter_templates_imported_post":false,"jetpack_post_was_ever_published":false,"_jetpack_newsletter_access":"","_jetpack_dont_email_post_to_subs":false,"_jetpack_newsletter_tier_id":0,"_jetpack_memberships_contains_paywalled_content":false,"_jetpack_memberships_contains_paid_content":false,"footnotes":"","jetpack_publicize_message":"","jetpack_publicize_feature_enabled":true,"jetpack_social_post_already_shared":true,"jetpack_social_options":{"image_generator_settings":{"template":"highway","default_image_id":0,"font":"","enabled":false},"version":2}},"categories":[57,65],"tags":[],"class_list":["post-6396","post","type-post","status-publish","format-standard","hentry","category-musica","category-sentido"],"jetpack_publicize_connections":[],"jetpack_featured_media_url":"","jetpack_shortlink":"https:\/\/wp.me\/pLsVN-1Fa","jetpack_sharing_enabled":true,"_links":{"self":[{"href":"https:\/\/www.urbinavolant.com\/verbavolant\/index.php\/wp-json\/wp\/v2\/posts\/6396","targetHints":{"allow":["GET"]}}],"collection":[{"href":"https:\/\/www.urbinavolant.com\/verbavolant\/index.php\/wp-json\/wp\/v2\/posts"}],"about":[{"href":"https:\/\/www.urbinavolant.com\/verbavolant\/index.php\/wp-json\/wp\/v2\/types\/post"}],"author":[{"embeddable":true,"href":"https:\/\/www.urbinavolant.com\/verbavolant\/index.php\/wp-json\/wp\/v2\/users\/1"}],"replies":[{"embeddable":true,"href":"https:\/\/www.urbinavolant.com\/verbavolant\/index.php\/wp-json\/wp\/v2\/comments?post=6396"}],"version-history":[{"count":0,"href":"https:\/\/www.urbinavolant.com\/verbavolant\/index.php\/wp-json\/wp\/v2\/posts\/6396\/revisions"}],"wp:attachment":[{"href":"https:\/\/www.urbinavolant.com\/verbavolant\/index.php\/wp-json\/wp\/v2\/media?parent=6396"}],"wp:term":[{"taxonomy":"category","embeddable":true,"href":"https:\/\/www.urbinavolant.com\/verbavolant\/index.php\/wp-json\/wp\/v2\/categories?post=6396"},{"taxonomy":"post_tag","embeddable":true,"href":"https:\/\/www.urbinavolant.com\/verbavolant\/index.php\/wp-json\/wp\/v2\/tags?post=6396"}],"curies":[{"name":"wp","href":"https:\/\/api.w.org\/{rel}","templated":true}]}}