{"id":6453,"date":"2017-11-06T18:18:59","date_gmt":"2017-11-06T17:18:59","guid":{"rendered":"http:\/\/www.urbinavolant.com\/verbavolant\/?p=6453"},"modified":"2017-11-06T18:18:59","modified_gmt":"2017-11-06T17:18:59","slug":"querido-diario-dos-puntos-7","status":"publish","type":"post","link":"https:\/\/www.urbinavolant.com\/verbavolant\/index.php\/2017\/11\/06\/querido-diario-dos-puntos-7\/","title":{"rendered":"Querido diario dos puntos #7"},"content":{"rendered":"<p>Querido diario dos puntos<\/p>\n<p style=\"text-align: justify;\">Hay d\u00edas que cuestan, semanas que se levantan en rebeld\u00eda, a\u00f1os que se acumulan y sabes que me cuesta seguir con las rutinas. Lo dice una persona como yo, obsesiva en su adocenamiento. Pero ya te he contado muchas veces que luego sale esa vena, ese impulso, ese hast\u00edo. Cansancio de hacer lo que no quieres. Por facilidad, por inercia, qu\u00e9 se ya. La felicidad es bonita, pero no puede conseguirse levantando una esquina de la alfombra de la vida para olvidarme de toda la inmundicia. Eso no es felicidad, es m\u00e1scara. Pod\u00eda ser peor, s\u00ed. Todav\u00eda pueden verse los restos de esa eternidad que no se consigue m\u00e1s que en este mundo.<\/p>\n<p style=\"text-align: justify;\">\u00a0La vida se hace una bola dif\u00edcil de tragar. Sabes que me hago el firme prop\u00f3sito de no pensar demasiado. Pero es una terapia que, en d\u00edas como hoy, se me hace imposible. Intentar\u00e9 hacer las cosas en su debida secuencia, s\u00ed. Y la secuencia es premisa y la premisa lleva a una conclusi\u00f3n. Ni siquiera puedo ponerme a gritar: me limito a susurrar contigo mi desaz\u00f3n. Para que, sin encontrar nada m\u00e1s, este temporal me salve con alg\u00fan resto de un naufragio. El ritmo para no perderme del todo, para que la noche no me conquiste hasta sus \u00faltimos recovecos.<\/p>\n<p>\u00bfSabes un secreto? No he perdido la inspiraci\u00f3n: lo que pasa es que escribir hasta las \u00faltimas consecuencias me deja sin fuerzas. Por eso, me quedo con la raz\u00f3n. Porque tengo miedo a tener siempre miedo. Porque tengo miedo de saciar el dolor con palabras, que no siempre vuelan.<\/p>\n<p>Querido diario: hoy necesitaba poner un poco desorden en todo para revolver un poco mi coraz\u00f3n. Romper la inercia por un segundo, levantar la alfombra para que vuelen las motas de polvo escondidas y que brillen con la luz del atardecer.<\/p>\n<p>&nbsp;<\/p>\n<p>&nbsp;<\/p>\n","protected":false},"excerpt":{"rendered":"<p>Querido diario dos puntos Hay d\u00edas que cuestan, semanas que se levantan en rebeld\u00eda, a\u00f1os que se acumulan y sabes que me cuesta seguir con las rutinas. Lo dice una persona como yo, obsesiva en su adocenamiento. Pero ya te he contado muchas veces que luego sale esa vena, ese impulso, ese hast\u00edo. Cansancio de &#8230; <a title=\"Querido diario dos puntos #7\" class=\"read-more\" href=\"https:\/\/www.urbinavolant.com\/verbavolant\/index.php\/2017\/11\/06\/querido-diario-dos-puntos-7\/\" aria-label=\"Leer m\u00e1s sobre Querido diario dos puntos #7\">Leer m\u00e1s<\/a><\/p>\n","protected":false},"author":1,"featured_media":0,"comment_status":"open","ping_status":"open","sticky":false,"template":"","format":"standard","meta":{"_monsterinsights_skip_tracking":false,"_monsterinsights_sitenote_active":false,"_monsterinsights_sitenote_note":"","_monsterinsights_sitenote_category":0,"_kadence_starter_templates_imported_post":false,"jetpack_post_was_ever_published":false,"_jetpack_newsletter_access":"","_jetpack_dont_email_post_to_subs":false,"_jetpack_newsletter_tier_id":0,"_jetpack_memberships_contains_paywalled_content":false,"_jetpack_memberships_contains_paid_content":false,"footnotes":"","jetpack_publicize_message":"","jetpack_publicize_feature_enabled":true,"jetpack_social_post_already_shared":true,"jetpack_social_options":{"image_generator_settings":{"template":"highway","default_image_id":0,"font":"","enabled":false},"version":2}},"categories":[61,65],"tags":[158],"class_list":["post-6453","post","type-post","status-publish","format-standard","hentry","category-laberintos","category-sentido","tag-querido-diario-dos-puntos"],"jetpack_publicize_connections":[],"jetpack_featured_media_url":"","jetpack_shortlink":"https:\/\/wp.me\/pLsVN-1G5","jetpack_sharing_enabled":true,"_links":{"self":[{"href":"https:\/\/www.urbinavolant.com\/verbavolant\/index.php\/wp-json\/wp\/v2\/posts\/6453","targetHints":{"allow":["GET"]}}],"collection":[{"href":"https:\/\/www.urbinavolant.com\/verbavolant\/index.php\/wp-json\/wp\/v2\/posts"}],"about":[{"href":"https:\/\/www.urbinavolant.com\/verbavolant\/index.php\/wp-json\/wp\/v2\/types\/post"}],"author":[{"embeddable":true,"href":"https:\/\/www.urbinavolant.com\/verbavolant\/index.php\/wp-json\/wp\/v2\/users\/1"}],"replies":[{"embeddable":true,"href":"https:\/\/www.urbinavolant.com\/verbavolant\/index.php\/wp-json\/wp\/v2\/comments?post=6453"}],"version-history":[{"count":0,"href":"https:\/\/www.urbinavolant.com\/verbavolant\/index.php\/wp-json\/wp\/v2\/posts\/6453\/revisions"}],"wp:attachment":[{"href":"https:\/\/www.urbinavolant.com\/verbavolant\/index.php\/wp-json\/wp\/v2\/media?parent=6453"}],"wp:term":[{"taxonomy":"category","embeddable":true,"href":"https:\/\/www.urbinavolant.com\/verbavolant\/index.php\/wp-json\/wp\/v2\/categories?post=6453"},{"taxonomy":"post_tag","embeddable":true,"href":"https:\/\/www.urbinavolant.com\/verbavolant\/index.php\/wp-json\/wp\/v2\/tags?post=6453"}],"curies":[{"name":"wp","href":"https:\/\/api.w.org\/{rel}","templated":true}]}}