{"id":6622,"date":"2018-05-23T07:30:26","date_gmt":"2018-05-23T06:30:26","guid":{"rendered":"http:\/\/www.urbinavolant.com\/verbavolant\/?p=6622"},"modified":"2018-05-25T12:06:05","modified_gmt":"2018-05-25T11:06:05","slug":"perfil-bajo-una-vaca-desde-el-tren-y-valle-inclan-desde-lo-alto-del-trampantojo","status":"publish","type":"post","link":"https:\/\/www.urbinavolant.com\/verbavolant\/index.php\/2018\/05\/23\/perfil-bajo-una-vaca-desde-el-tren-y-valle-inclan-desde-lo-alto-del-trampantojo\/","title":{"rendered":"Perfil bajo, una vaca desde el tren y Valle-Incl\u00e1n desde lo alto del trampantojo"},"content":{"rendered":"<p style=\"text-align: center;\"><a href=\"https:\/\/flic.kr\/p\/FpDsuc\"><img data-recalc-dims=\"1\" loading=\"lazy\" decoding=\"async\" class=\"aligncenter size-full wp-image-6633\" src=\"https:\/\/i0.wp.com\/www.urbinavolant.com\/verbavolant\/wp-content\/uploads\/2018\/05\/25865501603_c8745ea627_z.jpg?resize=640%2C426&#038;ssl=1\" alt=\"\" width=\"640\" height=\"426\" srcset=\"https:\/\/i0.wp.com\/www.urbinavolant.com\/verbavolant\/wp-content\/uploads\/2018\/05\/25865501603_c8745ea627_z.jpg?w=640&amp;ssl=1 640w, https:\/\/i0.wp.com\/www.urbinavolant.com\/verbavolant\/wp-content\/uploads\/2018\/05\/25865501603_c8745ea627_z.jpg?resize=300%2C200&amp;ssl=1 300w\" sizes=\"auto, (max-width: 640px) 100vw, 640px\" \/><\/a><\/p>\n<p style=\"text-align: justify;\">Me dec\u00edan el otro d\u00eda que, hace ya alg\u00fan tiempo, emple\u00e9 la expresi\u00f3n \u00abperfil bajo\u00bb aplicada a alguien de manera negativa. A m\u00ed me extra\u00f1aba imaginar esas palabras puestas en mi boca, tanto porque esa expresi\u00f3n no me gusta mucho ni en la forma ni en el fondo como por ese contexto negativo de alguien, que por otro lado, no conozco m\u00e1s que de o\u00eddas.<\/p>\n<p>Lo primero que hice fue negar la mayor y pensar que era imposible que yo hubiese hablado de \u00abperfil bajo\u00bb. Despu\u00e9s, me puse en el dif\u00edcil papel de aceptar algo que no s\u00e9 si he dicho, pero que seguro que no pienso. Y ah\u00ed vinieron docenas de comeduras de coco sobre los perfiles.<\/p>\n<p style=\"text-align: justify;\">Dicen que un neopositivista viajaba en un tren (en los tiempos en los que se viajaba en departamentos frente a frente) y que, no me acuerdo por qu\u00e9, su acompa\u00f1ante dijo algo as\u00ed como \u00abMira qu\u00e9 vaca tan bonita con manchas negras hay en la colina\u00bb. El neopositivista se indign\u00f3 mucho por una afirmaci\u00f3n que \u00e9l consideraba falsa y que le oblig\u00f3 a matizar que lo que realmente cre\u00eda que su compa\u00f1ero hab\u00eda querido decir es algo parecido a que \u00abExiste algo que la mayor parte de las personas consideran una vaca \u2014y, bajo tu \u00f3ptica individual y subjetiva estimas bella\u2014, pero de la cual solo has visto una silueta de \u00abvaca\u00bb por uno de sus lados ignorando si, realmente, por el lado que no ves existe una correspondencia con tu percepto\u00bb. En suma, para el neopositivista su amigo hab\u00eda visto algo, pero, contempl\u00e1ndolo desde una \u00fanica perspectiva, no pod\u00eda estar plenamente seguro de que su percepci\u00f3n fuese correcta y ajustada a la realidad.<\/p>\n<p style=\"text-align: justify;\">Y sabemos que Valle-Incl\u00e1n, en una entrevista justamente famosa, hablaba de que existen tres modos de ver el mundo desde una \u00f3ptica art\u00edstica o est\u00e9tica: \u00abde rodillas, en pie o levantado en el aire\u00bb. Dec\u00eda Valle que la mirada de rodillas supone contemplar a los personajes como m\u00e1s que humanos (h\u00e9roes, dioses o semidioses), como aquellos de los que Homero contaba sus peripecias. La mirada \u00aben pie\u00bb, frente a frente, supone contemplar a los personajes como si estuvi\u00e9semos ante el espejo de nosotros mismos y nuestra condici\u00f3n humana, con nuestras virtudes y nuestros defectos. Esos personajes son en los que habitan la m\u00e1xima realidad y la m\u00e1xima verdad. Por \u00faltimo, la forma de ver el mundo \u00ablevantado en el aire\u00bb era la que utilizaba nuestro genial escritor \u00a0en sus esperpentos para contemplar el mundo desde un plano superior y, no sin iron\u00eda, considerar a cualquier personaje, por egregio que fuese desde otra contemplaci\u00f3n, como un mu\u00f1eco.<\/p>\n<p style=\"text-align: justify;\">Pensar\u00e9is que estoy dando muchas vueltas para un hecho, aparente de poca importancia, de haber hablado de alguien de \u00abperfil bajo\u00bb. Pero no dejo de pensar en que hablar de \u00abperfil\u00bb es como considerar a un todo por haber visto una parte, como el amigo del neopositivista con esa vaca que solo pod\u00eda intuir o conjeturar. Y habla de \u00abbajo\u00bb es contemplar a alguien por los suelos, mientras yo estoy \u00ablevantado en el aire\u00bb. Lo primero lleva a aparejado sesgar y lo segundo cosificar. Cosas que, quiz\u00e1s, hacemos todos en alg\u00fan momento para hablar de algo de alguien pero con las que nunca conseguiremos un aut\u00e9ntico conocimiento.<\/p>\n<p style=\"text-align: justify;\">Aunque el perfil puede conllevar sutileza o contemplaci\u00f3n de lo esencial, es mero contorno que no deja ver sino la mitad. As\u00ed que me niego a alguien por lo que no es. Si, adem\u00e1s, no conocemos a alguien (en la medida en la que conocer es abarcar y extender hasta lo imposible), todav\u00eda peor. En consecuencia, si alg\u00fan d\u00eda o\u00edas hablar a alguien de una persona de \u00abperfil bajo\u00bb, recordadle la historia del neopositivista y la vaca, la historia de la contemplaci\u00f3n en el arte seg\u00fan Valle-Incl\u00e1n.<\/p>\n<p>Imagen de <a href=\"https:\/\/flic.kr\/p\/FpDsuc\">Fernando<\/a>.<\/p>\n<p>&nbsp;<\/p>\n<p>&nbsp;<\/p>\n<p>&nbsp;<\/p>\n<p>&nbsp;<\/p>\n<p>&nbsp;<\/p>\n","protected":false},"excerpt":{"rendered":"<p>Me dec\u00edan el otro d\u00eda que, hace ya alg\u00fan tiempo, emple\u00e9 la expresi\u00f3n \u00abperfil bajo\u00bb aplicada a alguien de manera negativa. A m\u00ed me extra\u00f1aba imaginar esas palabras puestas en mi boca, tanto porque esa expresi\u00f3n no me gusta mucho ni en la forma ni en el fondo como por ese contexto negativo de alguien, &#8230; <a title=\"Perfil bajo, una vaca desde el tren y Valle-Incl\u00e1n desde lo alto del trampantojo\" class=\"read-more\" href=\"https:\/\/www.urbinavolant.com\/verbavolant\/index.php\/2018\/05\/23\/perfil-bajo-una-vaca-desde-el-tren-y-valle-inclan-desde-lo-alto-del-trampantojo\/\" aria-label=\"Leer m\u00e1s sobre Perfil bajo, una vaca desde el tren y Valle-Incl\u00e1n desde lo alto del trampantojo\">Leer m\u00e1s<\/a><\/p>\n","protected":false},"author":1,"featured_media":0,"comment_status":"open","ping_status":"open","sticky":false,"template":"","format":"standard","meta":{"_monsterinsights_skip_tracking":false,"_monsterinsights_sitenote_active":false,"_monsterinsights_sitenote_note":"","_monsterinsights_sitenote_category":0,"_kadence_starter_templates_imported_post":false,"jetpack_post_was_ever_published":false,"_jetpack_newsletter_access":"","_jetpack_dont_email_post_to_subs":false,"_jetpack_newsletter_tier_id":0,"_jetpack_memberships_contains_paywalled_content":false,"_jetpack_memberships_contains_paid_content":false,"footnotes":"","jetpack_publicize_message":"","jetpack_publicize_feature_enabled":true,"jetpack_social_post_already_shared":true,"jetpack_social_options":{"image_generator_settings":{"template":"highway","default_image_id":0,"font":"","enabled":false},"version":2}},"categories":[44,72,61,65],"tags":[],"class_list":["post-6622","post","type-post","status-publish","format-standard","hentry","category-comparaciones","category-contrastes","category-laberintos","category-sentido"],"jetpack_publicize_connections":[],"jetpack_featured_media_url":"","jetpack_shortlink":"https:\/\/wp.me\/pLsVN-1IO","jetpack_sharing_enabled":true,"_links":{"self":[{"href":"https:\/\/www.urbinavolant.com\/verbavolant\/index.php\/wp-json\/wp\/v2\/posts\/6622","targetHints":{"allow":["GET"]}}],"collection":[{"href":"https:\/\/www.urbinavolant.com\/verbavolant\/index.php\/wp-json\/wp\/v2\/posts"}],"about":[{"href":"https:\/\/www.urbinavolant.com\/verbavolant\/index.php\/wp-json\/wp\/v2\/types\/post"}],"author":[{"embeddable":true,"href":"https:\/\/www.urbinavolant.com\/verbavolant\/index.php\/wp-json\/wp\/v2\/users\/1"}],"replies":[{"embeddable":true,"href":"https:\/\/www.urbinavolant.com\/verbavolant\/index.php\/wp-json\/wp\/v2\/comments?post=6622"}],"version-history":[{"count":0,"href":"https:\/\/www.urbinavolant.com\/verbavolant\/index.php\/wp-json\/wp\/v2\/posts\/6622\/revisions"}],"wp:attachment":[{"href":"https:\/\/www.urbinavolant.com\/verbavolant\/index.php\/wp-json\/wp\/v2\/media?parent=6622"}],"wp:term":[{"taxonomy":"category","embeddable":true,"href":"https:\/\/www.urbinavolant.com\/verbavolant\/index.php\/wp-json\/wp\/v2\/categories?post=6622"},{"taxonomy":"post_tag","embeddable":true,"href":"https:\/\/www.urbinavolant.com\/verbavolant\/index.php\/wp-json\/wp\/v2\/tags?post=6622"}],"curies":[{"name":"wp","href":"https:\/\/api.w.org\/{rel}","templated":true}]}}