{"id":68,"date":"2007-11-26T17:00:37","date_gmt":"2007-11-26T17:00:37","guid":{"rendered":"http:\/\/www.urbinavolant.com\/verbavolant\/index.php\/2007\/11\/26\/y-las-palabras-volaron-pero-de-verdad\/"},"modified":"2007-11-26T17:00:37","modified_gmt":"2007-11-26T17:00:37","slug":"y-las-palabras-volaron-pero-de-verdad","status":"publish","type":"post","link":"https:\/\/www.urbinavolant.com\/verbavolant\/index.php\/2007\/11\/26\/y-las-palabras-volaron-pero-de-verdad\/","title":{"rendered":"Y las palabras volaron&#8230;, pero de verdad"},"content":{"rendered":"<p style=\"text-align: center\"><img data-recalc-dims=\"1\" loading=\"lazy\" decoding=\"async\" src=\"https:\/\/i0.wp.com\/www.urbinavolant.com\/verbavolant\/wp-content\/uploads\/2007\/11\/perodico.jpg?resize=477%2C357&#038;ssl=1\" title=\"Perodico\" alt=\"Perodico\" height=\"357\" width=\"477\" \/><\/p>\n<p>Que no se me vuelva a ocurrir llamar a un blog <a href=\"http:\/\/www.urbinavolant.com\/verbavolant\/index.php\/2007\/11\/03\/empezamos-este-cuaderno-de-bitacora-con-el-nombre-2\/\" target=\"_blank\">Verba volant<\/a>. Y tampoco sostener que los <a href=\"http:\/\/www.urbinavolant.com\/verbavolant\/index.php\/2007\/11\/03\/ultimo-inciso-los-cuadernos-de-bitacora-crecen-hacia-arriba\/\" target=\"_blank\">cuadernos de bit\u00e1cora crecen hacia arriba<\/a>. En algunas ocasiones, las palabras vuelan de verdad. Y los blogs ya no crecen, ni hacia arriba ni hacia abajo, sino que se pierden en no-s\u00e9-qu\u00e9 vac\u00edo ontol\u00f3gico. El cuaderno de bit\u00e1cora se guarda muy cerca de la br\u00fajula: sin ella, el navegante pierde el norte. Gracias a la colaboraci\u00f3n de los amigos y con el \u00edmpetu que da la paciencia, he podido recuperar las palabras. Bienvenidas, palabras. Bienvenidas. No vol\u00e9is para no volver. Ahora tengo un dilema: \u00bfsigo dejando que vuelen o las sostengo aferradas firmemente en mi mano? \u00bfValen m\u00e1s unas pocas palabras encerradas en un pu\u00f1o o unas palabras esparcidas por los des\u00f3rdenes <strike>ang\u00e9licos<\/strike> cibern\u00e9ticos? De momento, las apretar\u00e9 como a un pajarillo: con la firmeza suficiente para que no escapen, con la suavidad necesaria para no aplastarlas.<\/p>\n","protected":false},"excerpt":{"rendered":"<p>Que no se me vuelva a ocurrir llamar a un blog Verba volant. Y tampoco sostener que los cuadernos de bit\u00e1cora crecen hacia arriba. En algunas ocasiones, las palabras vuelan de verdad. Y los blogs ya no crecen, ni hacia arriba ni hacia abajo, sino que se pierden en no-s\u00e9-qu\u00e9 vac\u00edo ontol\u00f3gico. El cuaderno de &#8230; <a title=\"Y las palabras volaron&#8230;, pero de verdad\" class=\"read-more\" href=\"https:\/\/www.urbinavolant.com\/verbavolant\/index.php\/2007\/11\/26\/y-las-palabras-volaron-pero-de-verdad\/\" aria-label=\"Leer m\u00e1s sobre Y las palabras volaron&#8230;, pero de verdad\">Leer m\u00e1s<\/a><\/p>\n","protected":false},"author":1,"featured_media":0,"comment_status":"open","ping_status":"open","sticky":false,"template":"","format":"standard","meta":{"_monsterinsights_skip_tracking":false,"_monsterinsights_sitenote_active":false,"_monsterinsights_sitenote_note":"","_monsterinsights_sitenote_category":0,"_kadence_starter_templates_imported_post":false,"jetpack_post_was_ever_published":false,"_jetpack_newsletter_access":"","_jetpack_dont_email_post_to_subs":false,"_jetpack_newsletter_tier_id":0,"_jetpack_memberships_contains_paywalled_content":false,"_jetpack_memberships_contains_paid_content":false,"footnotes":"","jetpack_publicize_message":"","jetpack_publicize_feature_enabled":true,"jetpack_social_post_already_shared":false,"jetpack_social_options":{"image_generator_settings":{"template":"highway","default_image_id":0,"font":"","enabled":false},"version":2}},"categories":[4,41,42],"tags":[],"class_list":["post-68","post","type-post","status-publish","format-standard","hentry","category-blog","category-desastre","category-palabras"],"jetpack_publicize_connections":[],"jetpack_featured_media_url":"","jetpack_shortlink":"https:\/\/wp.me\/pLsVN-16","jetpack_sharing_enabled":true,"_links":{"self":[{"href":"https:\/\/www.urbinavolant.com\/verbavolant\/index.php\/wp-json\/wp\/v2\/posts\/68","targetHints":{"allow":["GET"]}}],"collection":[{"href":"https:\/\/www.urbinavolant.com\/verbavolant\/index.php\/wp-json\/wp\/v2\/posts"}],"about":[{"href":"https:\/\/www.urbinavolant.com\/verbavolant\/index.php\/wp-json\/wp\/v2\/types\/post"}],"author":[{"embeddable":true,"href":"https:\/\/www.urbinavolant.com\/verbavolant\/index.php\/wp-json\/wp\/v2\/users\/1"}],"replies":[{"embeddable":true,"href":"https:\/\/www.urbinavolant.com\/verbavolant\/index.php\/wp-json\/wp\/v2\/comments?post=68"}],"version-history":[{"count":0,"href":"https:\/\/www.urbinavolant.com\/verbavolant\/index.php\/wp-json\/wp\/v2\/posts\/68\/revisions"}],"wp:attachment":[{"href":"https:\/\/www.urbinavolant.com\/verbavolant\/index.php\/wp-json\/wp\/v2\/media?parent=68"}],"wp:term":[{"taxonomy":"category","embeddable":true,"href":"https:\/\/www.urbinavolant.com\/verbavolant\/index.php\/wp-json\/wp\/v2\/categories?post=68"},{"taxonomy":"post_tag","embeddable":true,"href":"https:\/\/www.urbinavolant.com\/verbavolant\/index.php\/wp-json\/wp\/v2\/tags?post=68"}],"curies":[{"name":"wp","href":"https:\/\/api.w.org\/{rel}","templated":true}]}}