{"id":6816,"date":"2019-01-24T09:13:03","date_gmt":"2019-01-24T08:13:03","guid":{"rendered":"https:\/\/www.urbinavolant.com\/verbavolant\/?p=6816"},"modified":"2019-01-24T09:13:11","modified_gmt":"2019-01-24T08:13:11","slug":"historias-de-alumnos-la-chica-que-leia-con-la-voz-de-emma-thompson","status":"publish","type":"post","link":"https:\/\/www.urbinavolant.com\/verbavolant\/index.php\/2019\/01\/24\/historias-de-alumnos-la-chica-que-leia-con-la-voz-de-emma-thompson\/","title":{"rendered":"Historias de alumnos: la chica que le\u00eda con la voz de Emma Thompson"},"content":{"rendered":"\n<div class=\"wp-block-image\"><figure class=\"aligncenter\"><a href=\"https:\/\/flic.kr\/p\/8V3kvo\" target=\"_blank\" rel=\"noreferrer noopener\"><img data-recalc-dims=\"1\" loading=\"lazy\" decoding=\"async\" width=\"640\" height=\"427\" src=\"https:\/\/i0.wp.com\/www.urbinavolant.com\/verbavolant\/wp-content\/uploads\/2019\/01\/5194727508_e88e0dc019_z.jpg?resize=640%2C427&#038;ssl=1\" alt=\"\" class=\"wp-image-6817\" srcset=\"https:\/\/i0.wp.com\/www.urbinavolant.com\/verbavolant\/wp-content\/uploads\/2019\/01\/5194727508_e88e0dc019_z.jpg?w=640&amp;ssl=1 640w, https:\/\/i0.wp.com\/www.urbinavolant.com\/verbavolant\/wp-content\/uploads\/2019\/01\/5194727508_e88e0dc019_z.jpg?resize=300%2C200&amp;ssl=1 300w\" sizes=\"auto, (max-width: 640px) 100vw, 640px\" \/><\/a><\/figure><\/div>\n\n\n\n<p style=\"font-size:18px\">Hoy tengo que hablaros de Noem\u00ed. En mi trayectoria como profesor, he tenido como alumnos a varias sagas familiares. En este caso, Noem\u00ed es hermana de Nerea, a la que dedicar\u00e9 una entrada en esta serie. Noem\u00ed y Nerea forman parte de una familia a la que he tenido (y tengo) especial aprecio.<\/p>\n\n\n\n<p style=\"font-size:18px\">Hoy, sin embargo, quiero hablar de la voz de Noem\u00ed. O, mejor dicho, de c\u00f3mo descubr\u00ed a una persona a trav\u00e9s de una voz. Noem\u00ed era una chica callada, muy introvertida. No le gustaba nada intervenir en clase y pasaba tan desapercibida que, en algunas ocasiones, te dabas cuenta de que era inteligente y buena estudiante solo cuando correg\u00edas sus ex\u00e1menes, llenos de unas observaciones atinadas que iban m\u00e1s all\u00e1 de una asimilaci\u00f3n correcta y evidente de la materia.<\/p>\n\n\n\n<p style=\"font-size:18px\">No obstante, como digo, descubr\u00ed aut\u00e9nticamente a Noem\u00ed gracias a la lectura. Aunque no le gustaba nada que le preguntasen en clase, un d\u00eda, por casualidad \u2014o, seguramente, por intentar sacar a Noem\u00ed de ese anonimato silente\u2014 le mand\u00e9 leer un pasaje de literatura. Su mirada t\u00edmida cambi\u00f3 cuando fij\u00f3 la vista en el libro. Dud\u00f3 unos segundos y, dejando atr\u00e1s sus miedos, se puso a leer. Su voz era m\u00e1gica, preciosa, con una tonalidad muy parecida a la de Emma Thompson (o, mejor dicho, a la actriz de doblaje que pon\u00eda voz a la actriz inglesa por aquella epoca) y llena de matices. Me qued\u00e9 embobado escuchando esa voz maravillosa y reconozco que me salt\u00e9 unas cuentas explicaciones solo para dilatar esa experiencia sensorial. <\/p>\n\n\n\n<p style=\"font-size:18px\">Pas\u00f3 un buen rato, le mand\u00e9 parar y me puse a hablar de su lectura y de su voz. Pod\u00e9is imaginaros la poca gracia que le hizo a una persona tan t\u00edmida. Como soy de todo menos prudente, subrayaba los elogios con cada muestra silenciosa de Noem\u00ed diciendo \u00abPara ya, pesado, que no quiero que hables de m\u00ed a toda la clase\u00bb. Mandar leer a Noem\u00ed fue, a partir de entonces, y durante dos a\u00f1os, una rutina, que ella aceptaba cada vez con m\u00e1s gusto. Creo que pude contribuir un poquito a que ella ganase seguridad, y todos disfrut\u00e1bamos de un pasaje le\u00eddo con las pausas perfectas, con la entonaci\u00f3n perfecta, con la calma necesaria para poder paladear cada estructura. Como todo profesor pesado, yo segu\u00eda con mis alabanzas. Puedo estar equivocado, pero creo que a ella le molestaban cada vez menos. Alguna vez, incluso, cre\u00eda adivinar que se esbozaba una sonrisa de satisfacci\u00f3n y yo, entonces, me sent\u00eda inmensamente feliz por descubrir una porci\u00f3n de esa riqu\u00edsima personalidad que anidaba en el interior de Noem\u00ed.<\/p>\n\n\n\n<p style=\"font-size:18px\">El \u00faltimo a\u00f1o, en la fiesta de despedida, realizamos un espect\u00e1culo en el que se combinaban la m\u00fasica, las im\u00e1genes y la poes\u00eda. Se trataba de una creaci\u00f3n muy ambiciosa que iba en progresi\u00f3n. Encargu\u00e9 a Noem\u00ed la poes\u00eda que supone el reto m\u00e1s grande y ella lo acept\u00f3 con agrado. Sab\u00eda que esto supon\u00eda leer ante decenas y decenas de personas, muchas de ellas desconocidas. Ella se subir\u00eda al escenario y todos estar\u00edan pendientes de las palabras que desgranar\u00eda con su voz. La lectura de Noem\u00ed fue memorable: se enfrent\u00f3 a alguno de sus fantasmas y los super\u00f3 con creces; adem\u00e1s, muchas de las personas que la escuchamos ese d\u00eda estuvimos muy cerca de la eternidad con la calidez de esa voz tan parecida a la de Emma Thompson.<\/p>\n\n\n\n<p style=\"font-size:18px\">Yo aprecio mucho a Noem\u00ed y creo que lo sabe. Me aventuro a pensar que Noem\u00ed tambi\u00e9n guarda un buen recuerdo de m\u00ed. Quiz\u00e1s hablemos algo m\u00e1s de ella cuando cuente la historia de Nerea.<\/p>\n\n\n\n<p>Esta entrada pertenece a la serie\u00a0<em><a href=\"https:\/\/www.urbinavolant.com\/verbavolant\/index.php\/tag\/historias-de-alumnos\/\">Historias de alumnos<\/a><\/em>. Para salvaguardar las identidades, los nombres no son los reales y puede que se cambien algunas circunstancias contextuales, si ello es necesario para no revelar el secreto profesional. Tambi\u00e9n es conveniente recordar que, como puede suponerse, las historias se cuentan aqu\u00ed de una manera resumida y que, en la vida real, tuvieron muchos m\u00e1s matices. Imagen de\u00a0<a href=\"https:\/\/flic.kr\/p\/8V3kvo\">Theophilos Papadopoulos.<\/a><\/p>\n\n\n\n<p><\/p>\n\n\n\n<p>.<br \/><\/p>\n","protected":false},"excerpt":{"rendered":"<p>Hoy tengo que hablaros de Noem\u00ed. En mi trayectoria como profesor, he tenido como alumnos a varias sagas familiares. En este caso, Noem\u00ed es hermana de Nerea, a la que dedicar\u00e9 una entrada en esta serie. Noem\u00ed y Nerea forman parte de una familia a la que he tenido (y tengo) especial aprecio. Hoy, sin &#8230; <a title=\"Historias de alumnos: la chica que le\u00eda con la voz de Emma Thompson\" class=\"read-more\" href=\"https:\/\/www.urbinavolant.com\/verbavolant\/index.php\/2019\/01\/24\/historias-de-alumnos-la-chica-que-leia-con-la-voz-de-emma-thompson\/\" aria-label=\"Leer m\u00e1s sobre Historias de alumnos: la chica que le\u00eda con la voz de Emma Thompson\">Leer m\u00e1s<\/a><\/p>\n","protected":false},"author":1,"featured_media":0,"comment_status":"open","ping_status":"open","sticky":false,"template":"","format":"standard","meta":{"_monsterinsights_skip_tracking":false,"_monsterinsights_sitenote_active":false,"_monsterinsights_sitenote_note":"","_monsterinsights_sitenote_category":0,"_kadence_starter_templates_imported_post":false,"jetpack_post_was_ever_published":false,"_jetpack_newsletter_access":"","_jetpack_dont_email_post_to_subs":false,"_jetpack_newsletter_tier_id":0,"_jetpack_memberships_contains_paywalled_content":false,"_jetpack_memberships_contains_paid_content":false,"footnotes":"","jetpack_publicize_message":"\"Historias de alumnos: la chica que le\u00eda con la voz de Emma Thompson\"","jetpack_publicize_feature_enabled":true,"jetpack_social_post_already_shared":true,"jetpack_social_options":{"image_generator_settings":{"template":"highway","default_image_id":0,"font":"","enabled":false},"version":2}},"categories":[44,114],"tags":[166],"class_list":["post-6816","post","type-post","status-publish","format-standard","hentry","category-comparaciones","category-lectura","tag-historias-de-alumnos"],"jetpack_publicize_connections":[],"jetpack_featured_media_url":"","jetpack_shortlink":"https:\/\/wp.me\/pLsVN-1LW","jetpack_sharing_enabled":true,"_links":{"self":[{"href":"https:\/\/www.urbinavolant.com\/verbavolant\/index.php\/wp-json\/wp\/v2\/posts\/6816","targetHints":{"allow":["GET"]}}],"collection":[{"href":"https:\/\/www.urbinavolant.com\/verbavolant\/index.php\/wp-json\/wp\/v2\/posts"}],"about":[{"href":"https:\/\/www.urbinavolant.com\/verbavolant\/index.php\/wp-json\/wp\/v2\/types\/post"}],"author":[{"embeddable":true,"href":"https:\/\/www.urbinavolant.com\/verbavolant\/index.php\/wp-json\/wp\/v2\/users\/1"}],"replies":[{"embeddable":true,"href":"https:\/\/www.urbinavolant.com\/verbavolant\/index.php\/wp-json\/wp\/v2\/comments?post=6816"}],"version-history":[{"count":0,"href":"https:\/\/www.urbinavolant.com\/verbavolant\/index.php\/wp-json\/wp\/v2\/posts\/6816\/revisions"}],"wp:attachment":[{"href":"https:\/\/www.urbinavolant.com\/verbavolant\/index.php\/wp-json\/wp\/v2\/media?parent=6816"}],"wp:term":[{"taxonomy":"category","embeddable":true,"href":"https:\/\/www.urbinavolant.com\/verbavolant\/index.php\/wp-json\/wp\/v2\/categories?post=6816"},{"taxonomy":"post_tag","embeddable":true,"href":"https:\/\/www.urbinavolant.com\/verbavolant\/index.php\/wp-json\/wp\/v2\/tags?post=6816"}],"curies":[{"name":"wp","href":"https:\/\/api.w.org\/{rel}","templated":true}]}}