{"id":6853,"date":"2019-02-07T08:48:45","date_gmt":"2019-02-07T07:48:45","guid":{"rendered":"https:\/\/www.urbinavolant.com\/verbavolant\/?p=6853"},"modified":"2019-02-07T08:48:54","modified_gmt":"2019-02-07T07:48:54","slug":"historias-de-alumnos-el-chico-que-repitio-curso-por-arrogante","status":"publish","type":"post","link":"https:\/\/www.urbinavolant.com\/verbavolant\/index.php\/2019\/02\/07\/historias-de-alumnos-el-chico-que-repitio-curso-por-arrogante\/","title":{"rendered":"Historias de alumnos: el chico que repiti\u00f3 curso por arrogante"},"content":{"rendered":"\n<div class=\"wp-block-image\"><figure class=\"aligncenter\"><a href=\"https:\/\/flic.kr\/p\/mfQmK2\" target=\"_blank\" rel=\"noreferrer noopener\"><img data-recalc-dims=\"1\" loading=\"lazy\" decoding=\"async\" width=\"640\" height=\"427\" src=\"https:\/\/i0.wp.com\/www.urbinavolant.com\/verbavolant\/wp-content\/uploads\/2019\/02\/13295001455_52b459b111_z.jpg?resize=640%2C427&#038;ssl=1\" alt=\"\" class=\"wp-image-6854\" srcset=\"https:\/\/i0.wp.com\/www.urbinavolant.com\/verbavolant\/wp-content\/uploads\/2019\/02\/13295001455_52b459b111_z.jpg?w=640&amp;ssl=1 640w, https:\/\/i0.wp.com\/www.urbinavolant.com\/verbavolant\/wp-content\/uploads\/2019\/02\/13295001455_52b459b111_z.jpg?resize=300%2C200&amp;ssl=1 300w\" sizes=\"auto, (max-width: 640px) 100vw, 640px\" \/><\/a><\/figure><\/div>\n\n\n\n<p style=\"font-size:18px\">Cuento en estas historias muchas cosas positivas, que me hacen recordar con sonrisas esos momentos buenos de una profesi\u00f3n como la m\u00eda, pero, como os pod\u00e9is imaginar, tambi\u00e9n ha habido otros muchos casos en los que he vivido momentos desagradables, aunque dignos de ser narrados por otros motivos.<\/p>\n\n\n\n<p style=\"font-size:18px\">Y en eso consiste, precisamente, el relato de hoy. Era mi primer a\u00f1o como profesor. Como voy repitiendo insistentemente que di clase de Educaci\u00f3n F\u00edsica y siempre a\u00f1ado que tendr\u00e9 que contar por qu\u00e9, lo hago hoy y as\u00ed me quito el peso de encima y a vosotros la posible intriga. Como tengo ya unos a\u00f1itos, hay que especificar que todav\u00eda no hab\u00edan salido promociones de licenciados en Educaci\u00f3n F\u00edsica en otras facultades de Espa\u00f1a que no fueran las de INEF de Madrid y Barcelona. Muy pronto empezar\u00edan a surgir las licenciaturas de Ciencias de Actividad F\u00edsica y del Deporte, pero la primera promoci\u00f3n de Le\u00f3n (por ejemplo) no hab\u00eda terminado todav\u00eda. <\/p>\n\n\n\n<p style=\"font-size:18px\">Yo, con el t\u00edtulo reciente de Filolog\u00eda Hisp\u00e1nica, estaba matriculado en los cursos de doctorado de la Universidad de Valladolid y andaba tambi\u00e9n con los primeros acordes de mi tesina. Me llamaron un d\u00eda de un centro, del que fui alumno durante cuatro a\u00f1os y con historias derivadas que ser\u00e1 preciso extender en alg\u00fan momento, para decirme que fuese a hablar con el director. Mi sorpresa fue may\u00fascula cuando me comentaron que hab\u00eda un puesto disponible de Educaci\u00f3n F\u00edsica. La profesora (que luego fue compa\u00f1era m\u00eda en la entonces Facultad de Humanidades y Educaci\u00f3n) quer\u00eda dedicarse a tiempo completo a la docencia universitaria y hab\u00eda una plaza vacante. Fue inevitable, como es obvio, preguntar por qu\u00e9 no escog\u00edan a un licenciado de INEF. La cosa era simple: no hab\u00eda suficientes licenciados para cubrir todos los puestos de trabajo y los candidatos que sol\u00edan presentar el curr\u00edculum, monitores de diferentes deportes, no cumpl\u00edan con el requisito de ser licenciados. El Colegio de Licenciados en Educaci\u00f3n F\u00edsica, para solucionar el problema de manera provisional, propon\u00eda conceder la habilitaci\u00f3n excepcional a los licenciados que hubiesen sido entrenadores o monitores y\/o que hubiesen realizado alg\u00fan deporte en ligas o competiciones de cierta relevancia. No es que el criterio fuese para echar cohetes, pero a m\u00ed, ciertamente, me benefici\u00f3 porque cumpl\u00eda todos los requisitos (hab\u00eda sido entrenador de baloncesto de varios equipos y jugu\u00e9 varios a\u00f1os al baloncesto en la que era 3.\u00aa divisi\u00f3n y que corresponder\u00eda, aunque las cosas han cambiado mucho, a la liga EBA).<\/p>\n\n\n\n<p style=\"font-size:18px\">No tard\u00e9 mucho en decir que s\u00ed. Por un lado, la actividad f\u00edsica era un campo que me apasionaba (incluso un tiempo llegu\u00e9 a plantearme estudiar INEF y ayud\u00e9 durante un verano a preparar las pruebas a un amigo) y, por otro, el horario me permit\u00eda desplazarme a Valladolid por la tarde para realizar el doctorado. Adem\u00e1s, las perrillas que ganar\u00eda podr\u00edan venirme muy bien para costearme los estudios. Esta decisi\u00f3n fue muy bien acogida por mi familia y por mis amigos, pero caus\u00f3 otro tipo de reacciones entre algunos conocidos. Todav\u00eda recuerdo a un compa\u00f1ero de carrera que me dijo que si tambi\u00e9n me iban a mandar poner la calefacci\u00f3n o me ofrecer\u00edan quiz\u00e1s el puesto de conserje. Eran tiempos en los que a la Educaci\u00f3n F\u00edsica muchos la conceb\u00edan simplemente como Gimnasia (o, mejor \u00abginasia\u00bb) y la consideraban algo menor. Esa visi\u00f3n, que quiz\u00e1s algunos mantengan hoy, era algo que yo no pod\u00eda concebir. Siempre me he sentido m\u00e1s que orgulloso de esa etapa de mi vida, llena de retos y aprendizajes.<\/p>\n\n\n\n<p style=\"font-size:18px\">Una vez hecha esta extensa reflexi\u00f3n y justificaci\u00f3n, voy al asunto de hoy. Como os pod\u00e9is imaginar, llegaba yo a la ense\u00f1anza lleno de juventud, inexperiencia y con muchos m\u00e1s nervios que seguridades. Todas esas cosas, para bien o para mal, se quitan con el tiempo, pero me toc\u00f3 una clase de 3.\u00ba de BUP (el actual 1.\u00ba de bachillerato) que me trajo por la calle de la amargura. Muchos de los alumnos estaban siempre dispuestos a hacer las cosas dif\u00edciles al novato y llegaba yo a casa, tras las primeras semanas de clase, triste y decepcionado. De todos los alumnos complicadillos, Braulio se llevaba la palma. Era impertinente, maleducado, arisco, con ademanes chulescos y en posesi\u00f3n de todas las armas para que un profesor novato se sintiese desamparado. Yo siempre intent\u00e9 no perder la calma y creo que lo consegu\u00ed en todo momento. Tampoco le falt\u00e9 al respeto nunca. Un d\u00eda, dej\u00f3 de venir a clase. Hab\u00eda aportado para las primeras ocasiones un justificante (que luego comprobamos que era falso) y luego opt\u00f3 por no aparecer por all\u00ed. El tutor conoc\u00eda el caso y, como no me dijo nada m\u00e1s, yo respir\u00e9 aliviado y la clase funcion\u00f3 mucho mejor sin \u00e9l.<\/p>\n\n\n\n<p style=\"font-size:18px\">La sorpresa may\u00fascula lleg\u00f3 en la evaluaci\u00f3n final. Resulta que el t\u00edo se hab\u00eda presentado a todos los ex\u00e1menes del resto de asignaturas. En la sala de profesores, se fueron cantando las notas. Todas aprobadas, menos Matem\u00e1ticas y (creo) Lat\u00edn. Lleg\u00f3 mi turno. \u00ab\u00bfEducaci\u00f3n F\u00edsica?\u00bb, pregunt\u00f3 el tutor. Mantuve un silencio de varios segundos y la vista de mis compa\u00f1eros se enfoc\u00f3 en m\u00ed de una manera obsesiva. Se pod\u00eda pasar de curso solamente con dos asignaturas suspensas, por lo que una calificaci\u00f3n negativa en la m\u00eda significaba la repetici\u00f3n inmediata. Respir\u00e9 y dije: \u00abMuy deficiente\u00bb. Aunque pueda parecer inconcebible, se encendieron todas las alarmas y algunos me dijeron que me replantease la nota. Yo les contest\u00e9 que c\u00f3mo me iba a replantear el caso de alguien que ni hab\u00eda realizado ninguna prueba intermedia ni se hab\u00eda presentado a las pruebas finales. Que le aprobasen otros, si quer\u00edan.<\/p>\n\n\n\n<p style=\"font-size:18px\">La discusi\u00f3n fue acalorada y, pese a las implicaciones que ten\u00eda para el alumno, creo que Braulio se merec\u00eda un muy deficiente con todas las letras. Y, con las miradas atravesadas de algunos, super\u00e9 ese trago con la sensaci\u00f3n de haber cumplido mi deber, pero tambi\u00e9n con la desaz\u00f3n de constatar que esa persona, por deleznable e irresponsable que me pareciese, era, al fin y al cabo, un chaval petulante que iba a tener que pasar otro a\u00f1o de su vida en 3.\u00ba de BUP. Pero \u00e9l mismo se hab\u00eda cerrado una salida y ten\u00eda que apechugar con su actitud y sus decisiones.<\/p>\n\n\n\n<p style=\"font-size:18px\">Al a\u00f1o siguiente, volvi\u00f3 a estar, naturalmente, en clase. La chuler\u00eda de Braulio, al parecer, estaba en el c\u00f3digo gen\u00e9tico del chico y no desapareci\u00f3, pero fue amainando. Ahora la mezclaba con una sonrisa que quer\u00eda parecer simp\u00e1tica y con unos ademanes que, a mi parecer, eran tan serviles que evidenciaban un peloteo estridente. <\/p>\n\n\n\n<p style=\"font-size:18px\">Pero a Braulio, desde luego, no se le volvi\u00f3 a pasar por la cabeza faltar a clase de Educaci\u00f3n F\u00edsica. Todav\u00eda le recuerdo realizar todas las actividades propuestas con evidente ah\u00ednco. Al a\u00f1o siguiente, fue mi alumno de Historia de la Filosof\u00eda (COU-2.\u00ba de BACH). Y hay cosas que decir sobre ello, pero hoy ya me he alargado suficiente.<\/p>\n\n\n\n<p>Esta entrada pertenece a la serie\u00a0<em><a href=\"https:\/\/www.urbinavolant.com\/verbavolant\/index.php\/tag\/historias-de-alumnos\/\">Historias de alumnos<\/a><\/em>. Para salvaguardar las identidades, los nombres no son los reales y puede que se cambien algunas circunstancias contextuales, si ello es necesario para no revelar el secreto profesional. Tambi\u00e9n es conveniente recordar que, como puede suponerse, las historias se cuentan aqu\u00ed de una manera resumida y que, en la vida real, tuvieron muchos m\u00e1s matices. Imagen de <a href=\"https:\/\/flic.kr\/p\/mfQmK2\">Yann Le Couviour<\/a>.<\/p>\n\n\n\n<p><br \/><br \/><\/p>\n","protected":false},"excerpt":{"rendered":"<p>Cuento en estas historias muchas cosas positivas, que me hacen recordar con sonrisas esos momentos buenos de una profesi\u00f3n como la m\u00eda, pero, como os pod\u00e9is imaginar, tambi\u00e9n ha habido otros muchos casos en los que he vivido momentos desagradables, aunque dignos de ser narrados por otros motivos. Y en eso consiste, precisamente, el relato &#8230; <a title=\"Historias de alumnos: el chico que repiti\u00f3 curso por arrogante\" class=\"read-more\" href=\"https:\/\/www.urbinavolant.com\/verbavolant\/index.php\/2019\/02\/07\/historias-de-alumnos-el-chico-que-repitio-curso-por-arrogante\/\" aria-label=\"Leer m\u00e1s sobre Historias de alumnos: el chico que repiti\u00f3 curso por arrogante\">Leer m\u00e1s<\/a><\/p>\n","protected":false},"author":1,"featured_media":0,"comment_status":"open","ping_status":"open","sticky":false,"template":"","format":"standard","meta":{"_monsterinsights_skip_tracking":false,"_monsterinsights_sitenote_active":false,"_monsterinsights_sitenote_note":"","_monsterinsights_sitenote_category":0,"_kadence_starter_templates_imported_post":false,"jetpack_post_was_ever_published":false,"_jetpack_newsletter_access":"","_jetpack_dont_email_post_to_subs":false,"_jetpack_newsletter_tier_id":0,"_jetpack_memberships_contains_paywalled_content":false,"_jetpack_memberships_contains_paid_content":false,"footnotes":"","jetpack_publicize_message":"","jetpack_publicize_feature_enabled":true,"jetpack_social_post_already_shared":true,"jetpack_social_options":{"image_generator_settings":{"template":"highway","default_image_id":0,"font":"","enabled":false},"version":2}},"categories":[125,72,91],"tags":[166],"class_list":["post-6853","post","type-post","status-publish","format-standard","hentry","category-arrogancia","category-contrastes","category-ensenanza","tag-historias-de-alumnos"],"jetpack_publicize_connections":[],"jetpack_featured_media_url":"","jetpack_shortlink":"https:\/\/wp.me\/pLsVN-1Mx","jetpack_sharing_enabled":true,"_links":{"self":[{"href":"https:\/\/www.urbinavolant.com\/verbavolant\/index.php\/wp-json\/wp\/v2\/posts\/6853","targetHints":{"allow":["GET"]}}],"collection":[{"href":"https:\/\/www.urbinavolant.com\/verbavolant\/index.php\/wp-json\/wp\/v2\/posts"}],"about":[{"href":"https:\/\/www.urbinavolant.com\/verbavolant\/index.php\/wp-json\/wp\/v2\/types\/post"}],"author":[{"embeddable":true,"href":"https:\/\/www.urbinavolant.com\/verbavolant\/index.php\/wp-json\/wp\/v2\/users\/1"}],"replies":[{"embeddable":true,"href":"https:\/\/www.urbinavolant.com\/verbavolant\/index.php\/wp-json\/wp\/v2\/comments?post=6853"}],"version-history":[{"count":0,"href":"https:\/\/www.urbinavolant.com\/verbavolant\/index.php\/wp-json\/wp\/v2\/posts\/6853\/revisions"}],"wp:attachment":[{"href":"https:\/\/www.urbinavolant.com\/verbavolant\/index.php\/wp-json\/wp\/v2\/media?parent=6853"}],"wp:term":[{"taxonomy":"category","embeddable":true,"href":"https:\/\/www.urbinavolant.com\/verbavolant\/index.php\/wp-json\/wp\/v2\/categories?post=6853"},{"taxonomy":"post_tag","embeddable":true,"href":"https:\/\/www.urbinavolant.com\/verbavolant\/index.php\/wp-json\/wp\/v2\/tags?post=6853"}],"curies":[{"name":"wp","href":"https:\/\/api.w.org\/{rel}","templated":true}]}}