{"id":6868,"date":"2019-02-12T13:11:02","date_gmt":"2019-02-12T12:11:02","guid":{"rendered":"https:\/\/www.urbinavolant.com\/verbavolant\/?p=6868"},"modified":"2019-02-12T13:12:48","modified_gmt":"2019-02-12T12:12:48","slug":"ahora-que-cambio-de-razones-ahora-y-siempre","status":"publish","type":"post","link":"https:\/\/www.urbinavolant.com\/verbavolant\/index.php\/2019\/02\/12\/ahora-que-cambio-de-razones-ahora-y-siempre\/","title":{"rendered":"Ahora que cambio de razones. Ahora y siempre"},"content":{"rendered":"\n<figure class=\"wp-block-image\"><a href=\"https:\/\/flic.kr\/p\/aLUPhZ\" target=\"_blank\" rel=\"noreferrer noopener\"><img data-recalc-dims=\"1\" loading=\"lazy\" decoding=\"async\" width=\"640\" height=\"498\" src=\"https:\/\/i0.wp.com\/www.urbinavolant.com\/verbavolant\/wp-content\/uploads\/2019\/02\/6415441653_f32f582947_z.jpg?resize=640%2C498&#038;ssl=1\" alt=\"\" class=\"wp-image-6869\" srcset=\"https:\/\/i0.wp.com\/www.urbinavolant.com\/verbavolant\/wp-content\/uploads\/2019\/02\/6415441653_f32f582947_z.jpg?w=640&amp;ssl=1 640w, https:\/\/i0.wp.com\/www.urbinavolant.com\/verbavolant\/wp-content\/uploads\/2019\/02\/6415441653_f32f582947_z.jpg?resize=300%2C233&amp;ssl=1 300w\" sizes=\"auto, (max-width: 640px) 100vw, 640px\" \/><\/a><\/figure>\n\n\n\n<p class=\"has-normal-font-size\">Ahora que la adolescencia y la juventud son un septiembre demasiado lejano, lleno de sonrisas y esperanzas. Ahora que los a\u00f1os de estudiante se difuminan entre se difuminan entre amores, lecturas y trenes que acabaron en una v\u00eda muerta.<\/p>\n\n\n\n<p class=\"has-normal-font-size\">Ahora que aquellos tiempos evocan una playa o un mercado en \u00c1frica, los viajes interminables de autob\u00fas para jugar un partido que yo no ganaba, los ratos muertos en mi habitaci\u00f3n para leer un Ast\u00e9rix o hacer flexiones hasta quedar sin aliento.<\/p>\n\n\n\n<p class=\"has-normal-font-size\">Ahora que quedan tan lejos las jornadas intensas en la Escuela de Idiomas, las tardes y las noches en Valladolid buscando una buena conversaci\u00f3n, una cerveza y unas bravas en la zona de Cantarranas. Ahora que se diluyen las ca\u00f1as en dos vasos, el zurracapote y las chinchiminas, las sesiones de cineclub, la construcci\u00f3n de las vidas entre sue\u00f1os.<\/p>\n\n\n\n<p class=\"has-normal-font-size\">Ahora que casi llego a fin de mes, que pago (m\u00e1s o menos) las facturas, que ya no escribo cartas ni correos. Ahora que cumplo m\u00e1s a\u00f1os que promesas, ahora que llego pronto a todos los sitos que no me importan.<\/p>\n\n\n\n<p class=\"has-normal-font-size\">Ahora que paso las noches de claro en claro y no logro dormir de un tir\u00f3n, ahora que la noche es un rumor de risa ajena que se aleja por la calle y me congela el coraz\u00f3n.<\/p>\n\n\n\n<p class=\"has-normal-font-size\">Ahora que respiro a escondidas y que no me pierdo en las s\u00e1banas de la madrugada. Ahora que ya no encuentro en las radio las canciones que me inspiran, ahora que me miro en el espejo y me reconozco a duras penas.<\/p>\n\n\n\n<p class=\"has-normal-font-size\">Ahora que veo los telediarios pensando que reflejan un mundo en el que no vivo, ahora que los bares ya no son lugar de encuentro sino de reafirmaci\u00f3n y de costumbres.<\/p>\n\n\n\n<p class=\"has-normal-font-size\">Ahora que, aunque no tenga edad, me gusta sentir cada momento y dejo que la lluvia me moje el rostro, las mejillas y las gotas se deslicen por el cuello. Ahora que reconozco en mis gestos las man\u00edas de mis padres, ahora que me desvisto entre la tormenta. Ahora que todo se vuelve verdad, cuando los palacios se derrumban y solo se adivina la hierba en sus solares.<\/p>\n\n\n\n<p class=\"has-normal-font-size\">Ahora que recuerdo un vaso que casi se desmenuza entre las manos, ahora que he aprendido a olvidar las reglas, ahora que respiro con 280 letras a las que le sumo los espacios.<\/p>\n\n\n\n<p class=\"has-normal-font-size\">Ahora que las noches sin luz me han ense\u00f1ado a encontrar en las caracolas el sonido de todos los colores, la estridencia que se apaga entre esa incapacidad m\u00eda para distinguir el negro del blanco.<\/p>\n\n\n\n<p class=\"has-normal-font-size\">Ahora, en el momento en el que el oto\u00f1o ilumina mis ma\u00f1anas. Cuando dejo resbalar el reloj para dejar que el tiempo se detenga.  Ahora, que cambio de razones y, como siempre, me niego a vestirme de domingo.<\/p>\n\n\n\n<p>Este texto pertenece a la serie de <a rel=\"noreferrer noopener\" aria-label=\" (opens in a new tab)\" href=\"http:\/\/www.urbinavolant.com\/verbavolant\/index.php\/tag\/canciones-prosificadas\/\" target=\"_blank\">Canciones prosificadas<\/a>. Recoge dos canciones de Ismael Serrano, <a href=\"https:\/\/youtu.be\/nodNxWcAr7k\">\u00abAhora\u00bb<\/a> y <a href=\"https:\/\/youtu.be\/pW-i1Lc3MYA\">\u00abAhora que te encuentro\u00bb<\/a>, que sirven de base e inspiraci\u00f3n pero que estas imbricadas y modificadas a voluntad. Imagen de <a rel=\"noreferrer noopener\" aria-label=\" (opens in a new tab)\" href=\"https:\/\/flic.kr\/p\/aLUPhZ\" target=\"_blank\">Razi Machay<\/a><\/p>\n","protected":false},"excerpt":{"rendered":"<p>Ahora que la adolescencia y la juventud son un septiembre demasiado lejano, lleno de sonrisas y esperanzas. Ahora que los a\u00f1os de estudiante se difuminan entre se difuminan entre amores, lecturas y trenes que acabaron en una v\u00eda muerta. Ahora que aquellos tiempos evocan una playa o un mercado en \u00c1frica, los viajes interminables de &#8230; <a title=\"Ahora que cambio de razones. Ahora y siempre\" class=\"read-more\" href=\"https:\/\/www.urbinavolant.com\/verbavolant\/index.php\/2019\/02\/12\/ahora-que-cambio-de-razones-ahora-y-siempre\/\" aria-label=\"Leer m\u00e1s sobre Ahora que cambio de razones. Ahora y siempre\">Leer m\u00e1s<\/a><\/p>\n","protected":false},"author":1,"featured_media":0,"comment_status":"open","ping_status":"open","sticky":false,"template":"","format":"standard","meta":{"_monsterinsights_skip_tracking":false,"_monsterinsights_sitenote_active":false,"_monsterinsights_sitenote_note":"","_monsterinsights_sitenote_category":0,"_kadence_starter_templates_imported_post":false,"jetpack_post_was_ever_published":false,"_jetpack_newsletter_access":"","_jetpack_dont_email_post_to_subs":false,"_jetpack_newsletter_tier_id":0,"_jetpack_memberships_contains_paywalled_content":false,"_jetpack_memberships_contains_paid_content":false,"footnotes":"","jetpack_publicize_message":"","jetpack_publicize_feature_enabled":true,"jetpack_social_post_already_shared":true,"jetpack_social_options":{"image_generator_settings":{"template":"highway","default_image_id":0,"font":"","enabled":false},"version":2}},"categories":[72,61],"tags":[147],"class_list":["post-6868","post","type-post","status-publish","format-standard","hentry","category-contrastes","category-laberintos","tag-canciones-prosificadas"],"jetpack_publicize_connections":[],"jetpack_featured_media_url":"","jetpack_shortlink":"https:\/\/wp.me\/pLsVN-1MM","jetpack_sharing_enabled":true,"_links":{"self":[{"href":"https:\/\/www.urbinavolant.com\/verbavolant\/index.php\/wp-json\/wp\/v2\/posts\/6868","targetHints":{"allow":["GET"]}}],"collection":[{"href":"https:\/\/www.urbinavolant.com\/verbavolant\/index.php\/wp-json\/wp\/v2\/posts"}],"about":[{"href":"https:\/\/www.urbinavolant.com\/verbavolant\/index.php\/wp-json\/wp\/v2\/types\/post"}],"author":[{"embeddable":true,"href":"https:\/\/www.urbinavolant.com\/verbavolant\/index.php\/wp-json\/wp\/v2\/users\/1"}],"replies":[{"embeddable":true,"href":"https:\/\/www.urbinavolant.com\/verbavolant\/index.php\/wp-json\/wp\/v2\/comments?post=6868"}],"version-history":[{"count":0,"href":"https:\/\/www.urbinavolant.com\/verbavolant\/index.php\/wp-json\/wp\/v2\/posts\/6868\/revisions"}],"wp:attachment":[{"href":"https:\/\/www.urbinavolant.com\/verbavolant\/index.php\/wp-json\/wp\/v2\/media?parent=6868"}],"wp:term":[{"taxonomy":"category","embeddable":true,"href":"https:\/\/www.urbinavolant.com\/verbavolant\/index.php\/wp-json\/wp\/v2\/categories?post=6868"},{"taxonomy":"post_tag","embeddable":true,"href":"https:\/\/www.urbinavolant.com\/verbavolant\/index.php\/wp-json\/wp\/v2\/tags?post=6868"}],"curies":[{"name":"wp","href":"https:\/\/api.w.org\/{rel}","templated":true}]}}