{"id":6887,"date":"2019-02-18T08:33:14","date_gmt":"2019-02-18T07:33:14","guid":{"rendered":"https:\/\/www.urbinavolant.com\/verbavolant\/?p=6887"},"modified":"2019-02-24T18:32:57","modified_gmt":"2019-02-24T17:32:57","slug":"historias-de-alumnos-el-chico-que-paso-de-durar-30-segundos-en-mi-clase-a-pasar-a-ser-uno-de-los-imprescindibles","status":"publish","type":"post","link":"https:\/\/www.urbinavolant.com\/verbavolant\/index.php\/2019\/02\/18\/historias-de-alumnos-el-chico-que-paso-de-durar-30-segundos-en-mi-clase-a-pasar-a-ser-uno-de-los-imprescindibles\/","title":{"rendered":"Historias de alumnos: el chico que pas\u00f3 de durar 30 segundos en mi clase a pasar a ser uno de los imprescindibles"},"content":{"rendered":"\n<div class=\"wp-block-image\"><figure class=\"aligncenter\"><a href=\"https:\/\/flic.kr\/p\/fy2z7C\" target=\"_blank\" rel=\"noreferrer noopener\"><img data-recalc-dims=\"1\" loading=\"lazy\" decoding=\"async\" width=\"640\" height=\"427\" src=\"https:\/\/i0.wp.com\/www.urbinavolant.com\/verbavolant\/wp-content\/uploads\/2019\/02\/9551429132_d8927af203_z.jpg?resize=640%2C427&#038;ssl=1\" alt=\"\" class=\"wp-image-6888\" srcset=\"https:\/\/i0.wp.com\/www.urbinavolant.com\/verbavolant\/wp-content\/uploads\/2019\/02\/9551429132_d8927af203_z.jpg?w=640&amp;ssl=1 640w, https:\/\/i0.wp.com\/www.urbinavolant.com\/verbavolant\/wp-content\/uploads\/2019\/02\/9551429132_d8927af203_z.jpg?resize=300%2C200&amp;ssl=1 300w\" sizes=\"auto, (max-width: 640px) 100vw, 640px\" \/><\/a><\/figure><\/div>\n\n\n\n<p style=\"font-size:18px\">La historia de hoy trata de Alfonso. Bueno, mejor vamos a llamarle Fonsi, hipocor\u00edstico que ahora se asocia a una canci\u00f3n de consecuencias nefastas para la historia de la m\u00fasica, pero que encaja en esta entrada como anillo al dedo. Porque jam\u00e1s llam\u00e9 Alfonso a Fonsi, ni en los momentos relajados ni en los serios. Todav\u00eda no sab\u00eda la raz\u00f3n, pero la he adivinado cuando he pensado en esta entrada.<\/p>\n\n\n\n<p style=\"font-size:18px\">Era el segundo curso que impart\u00eda clase de Lengua y Literatura Castellana en 3.\u00ba de la ESO y esa secci\u00f3n A que me llegaba ahora era famosa ya por su trayectoria. \u00bfNo hab\u00e9is o\u00eddo esa expresi\u00f3n de \u00abEs una clase muy buena acad\u00e9mica, pero muy revoltosa y habladora\u00bb? Pues eso es lo que escuch\u00e9 yo a mis compa\u00f1eros cuando hablaban de la clase de marras. Siempre he procurado no hacer ni pu\u00f1etero caso a esas valoraciones del grupo o de los individuos. Son tantas ocasiones con las que me esperaba una cosa y me he encontrado la otra (para mal, para bien), que siempre prefer\u00eda comprobarlo con mis propios ojos cuando llegase el momento. Eso s\u00ed, me acuerdo que una compa\u00f1era dijo \u00abY ese Alfonso, qu\u00e9 pesado es, siempre de broma e intentando liarla\u00bb y, no s\u00e9 por qu\u00e9, me qued\u00e9 con la copla.<\/p>\n\n\n\n<p style=\"font-size:18px\">Llegu\u00e9 a clase, me present\u00e9, dije alguna parida \u2014imagino que dir\u00eda alguna, lo contrario me habr\u00eda extra\u00f1ado\u2014 y, de inmediato, Fonsi dijo algo a media voz con una sonrisilla que es dif\u00edcil de olvidar. Y yo contraataqu\u00e9 con un \u00abFonsi, fuera de clase\u00bb.<\/p>\n\n\n\n<p style=\"font-size:18px\">La cosa, en forma de di\u00e1logo, ser\u00eda m\u00e1s o menos as\u00ed:<\/p>\n\n\n\n<p style=\"font-size:18px\">\u2014Fonsi, fuera de clase.<br \/>\u2014Pero si no he hecho nada.<br \/>\u2014Precisamente por eso, Fonsi. Fuera de clase.<br \/>\u2014Es injusto, me has cogido man\u00eda y no s\u00e9 por qu\u00e9.<br \/>\u2014En efecto, Fonsi, te he cogido man\u00eda y no s\u00e9 por qu\u00e9. Fuera de clase.<\/p>\n\n\n\n<p style=\"font-size:18px\">Y Fonsi puso rumbo a la puerta cabeceando, rezando en voy baja algo referente a las injusticias de este mundo, pero esbozando esa sonrisa de pillete que le ha caracterizado y todav\u00eda le caracteriza. Toda la clase reaccion\u00f3 con bromas dedicadas a Fonsi, que mientras se iba, tuvo que escuchar: \u00abTe ha calado a la primera\u00bb, \u00abHala, ya tienes la primera an\u00e9cdota del a\u00f1o para contar en casa\u00bb y otras muchas cosas m\u00e1s.<\/p>\n\n\n\n<p style=\"font-size:18px\">Frente a esa expulsi\u00f3n, hay que decir varias cosas. La primera, que era aut\u00e9nticamente extra\u00f1o que yo expulsase a un alumno. La segunda, que fue una expulsi\u00f3n que procedi\u00f3 del instinto y no estaba basada en nada racional, ni siquiera en nada m\u00ednimamente justificado. Y, ahora que lo pienso, tambi\u00e9n hay una tercera. Creo recordar que ese a\u00f1o entr\u00f3 un nuevo director en el centro que dijo que no se pod\u00eda expulsar a nadie, que estaba prohibido. No a\u00f1adir\u00e9 nada m\u00e1s, pero s\u00ed creo necesario subrayar que Fonsi no fue, de ning\u00fan modo, una cabeza de turco que emplease yo contra el sistema. Y fue una expulsi\u00f3n que no figur\u00f3 nunca en el parte correspondiente.<\/p>\n\n\n\n<p style=\"font-size:18px\">Di esa clase de forma normal y relajada y, al d\u00eda siguiente, toc\u00f3 dar clase de nuevo en 3.\u00ba A.  Fonsi iba a decir algo a su compa\u00f1era de atr\u00e1s, y yo le dije: \u00abFonsi, no te vuelvas y c\u00e1llate, anda\u00bb. \u00abQue no me llames Fonsi, que me llamo Alfonso. Y no estaba hablando\u00bb. A lo que yo le dije: \u00abVale, Fonsi, lo que t\u00fa digas, pero c\u00e1llate, anda\u00bb. Se lo dije en un tono neutro que pod\u00eda querer decir tanto \u00abTe vas a volver a ir de clase cagando leches\u00bb como \u00ab\u00bfNo ves que te estoy vacilando un poco?\u00bb. Fonsi, que de tonto no ten\u00eda un pelo, entendi\u00f3 perfectamente que se trataba de la segunda opci\u00f3n y con ella nos movimos de forma relajada hasta que acab\u00f3 2.\u00ba de BACH.<\/p>\n\n\n\n<p style=\"font-size:18px\">Pero, por muy gracioso que fuese, la historia de la expulsi\u00f3n de Fonsi no puede alcanzar aqu\u00ed su grado m\u00e1ximo de explicaci\u00f3n. El contexto, la situaci\u00f3n, el juego que nos dio a lo largo de todos los a\u00f1os, van mucho m\u00e1s all\u00e1 de lo que cuento aqu\u00ed.<\/p>\n\n\n\n<p style=\"font-size:18px\">Como ya viene siendo frecuente en estas historias, hay muchas cosas m\u00e1s que contar de Fonsi a lo largo de esos a\u00f1os de instituto. Porque Fonsi estaba en una clase muy importante para m\u00ed (en la que estaba, por cierto, <a href=\"https:\/\/www.urbinavolant.com\/verbavolant\/index.php\/2019\/02\/12\/historias-de-alumnos-el-chico-que-llevaba-demasiado-limpios-los-zapatos\/\">el chico que llevaba siempre demasiado limpios los zapatos<\/a>) y otros muchos que tendr\u00e1n su historia de forma m\u00e1s que merecida.<\/p>\n\n\n\n<p style=\"font-size:18px\">La historia final que voy a contar de Fonsi tiene que ver con un d\u00eda de despedida. Antes de la fiesta de despedida de los alumnos en el instituto (esa que yo, siempre que fui coordinador o tutor me negu\u00e9 siempre a llamar \u00abFiesta de graduaci\u00f3n\u00bb porque no era tal y porque para m\u00ed siempre fue m\u00e1s importante en estos actos lo personal que lo acad\u00e9mico), ten\u00eda la costumbre durante unos a\u00f1os de llevarles a una zona de campo cercana al centro. En una de las horas de tutor\u00eda, ya pr\u00f3ximos los ex\u00e1menes finales, nos sent\u00e1bamos entre la hierba y les explicaba que, adem\u00e1s de ese momento de fiesta en la que iban a estar tambi\u00e9n sus familiares, en el que se dir\u00edan discursos y palabras protocolarias, este, probablemente, iba a ser el \u00faltimo momento que iban a coincidir todos. Que se prometer\u00edan mil y una quedadas a las que asistir\u00edan unos pocos. Que la vida les har\u00eda estar aqu\u00ed y all\u00e1, a veces a miles de kil\u00f3metros de distancia. Que las vidas, lo mismo que se encuentran, se separan de forma m\u00e1s o menos inexorable. Aunque algunos de ellos sean amigos de siempre, no siempre iban a estar todos. As\u00ed que era el momento de que, el que lo quisiera, hablase de cualquier an\u00e9cdota, que contase algo divertido que hab\u00eda ocurrido en el transcurso de esos a\u00f1os&#8230; <\/p>\n\n\n\n<p style=\"font-size:18px\">En esas intervenciones, se iba saltando de lo trascendental a lo intrascendente (que, en estos casos, a veces es lo m\u00e1s importante) y, entre bromas y alg\u00fan ataque de timidez, se iban deshilando palabras preciosas de despedida, de recuerdo de los mejores momentos. Lo ten\u00edamos f\u00e1cil, porque muchos pudimos decir \u00abSiempre nos quedar\u00e1 Par\u00eds\u00bb. Fonsi coment\u00f3, claro est\u00e1, ese momento en el que fue expulsado nada m\u00e1s entrar en clase, entre las risas de todos. Porque todos ellos sab\u00edan que Fonsi era un tipo fundamental y excepcional, divertido y poco convencional, arisco en su misma calidez no siempre reconocida. Cuando nos levantamos y nos \u00edbamos a marcharnos, Fonsi me dijo unas palabras, entre susurros, que yo nunca podr\u00e9 olvidar.<\/p>\n\n\n\n<p style=\"font-size:18px\">Ahora Fonsi y yo intercambiamos, de vez en cuando, alg\u00fan guasap relacionado con alg\u00fan burgal\u00e9s que dice que hace rap y hace, simplemente, el payaso. Pero eso, quiz\u00e1s, sea otra historia. <\/p>\n\n\n\n<p>Esta entrada pertenece a la serie&nbsp;<em><a rel=\"noreferrer noopener\" href=\"https:\/\/www.urbinavolant.com\/verbavolant\/index.php\/tag\/historias-de-alumnos\/\" target=\"_blank\">Historias de alumnos<\/a><\/em>. Para salvaguardar las identidades, los nombres no son los reales y puede que se cambien algunas circunstancias contextuales, si ello es necesario para no revelar el secreto profesional. Tambi\u00e9n es conveniente recordar que, como puede suponerse, las historias se cuentan aqu\u00ed de una manera resumida y que, en la vida real, tuvieron muchos m\u00e1s matices. Imagen de <a href=\"https:\/\/flic.kr\/p\/fy2z7C\" target=\"_blank\" rel=\"noreferrer noopener\" aria-label=\" (opens in a new tab)\">The Naked Ape<\/a>.<br \/><\/p>\n","protected":false},"excerpt":{"rendered":"<p>La historia de hoy trata de Alfonso. Bueno, mejor vamos a llamarle Fonsi, hipocor\u00edstico que ahora se asocia a una canci\u00f3n de consecuencias nefastas para la historia de la m\u00fasica, pero que encaja en esta entrada como anillo al dedo. Porque jam\u00e1s llam\u00e9 Alfonso a Fonsi, ni en los momentos relajados ni en los serios. &#8230; <a title=\"Historias de alumnos: el chico que pas\u00f3 de durar 30 segundos en mi clase a pasar a ser uno de los imprescindibles\" class=\"read-more\" href=\"https:\/\/www.urbinavolant.com\/verbavolant\/index.php\/2019\/02\/18\/historias-de-alumnos-el-chico-que-paso-de-durar-30-segundos-en-mi-clase-a-pasar-a-ser-uno-de-los-imprescindibles\/\" aria-label=\"Leer m\u00e1s sobre Historias de alumnos: el chico que pas\u00f3 de durar 30 segundos en mi clase a pasar a ser uno de los imprescindibles\">Leer m\u00e1s<\/a><\/p>\n","protected":false},"author":1,"featured_media":0,"comment_status":"open","ping_status":"open","sticky":false,"template":"","format":"standard","meta":{"_monsterinsights_skip_tracking":false,"_monsterinsights_sitenote_active":false,"_monsterinsights_sitenote_note":"","_monsterinsights_sitenote_category":0,"_kadence_starter_templates_imported_post":false,"jetpack_post_was_ever_published":false,"_jetpack_newsletter_access":"","_jetpack_dont_email_post_to_subs":false,"_jetpack_newsletter_tier_id":0,"_jetpack_memberships_contains_paywalled_content":false,"_jetpack_memberships_contains_paid_content":false,"footnotes":"","jetpack_publicize_message":"","jetpack_publicize_feature_enabled":true,"jetpack_social_post_already_shared":true,"jetpack_social_options":{"image_generator_settings":{"template":"highway","default_image_id":0,"font":"","enabled":false},"version":2}},"categories":[109,91,65],"tags":[166],"class_list":["post-6887","post","type-post","status-publish","format-standard","hentry","category-amistad","category-ensenanza","category-sentido","tag-historias-de-alumnos"],"jetpack_publicize_connections":[],"jetpack_featured_media_url":"","jetpack_shortlink":"https:\/\/wp.me\/pLsVN-1N5","jetpack_sharing_enabled":true,"_links":{"self":[{"href":"https:\/\/www.urbinavolant.com\/verbavolant\/index.php\/wp-json\/wp\/v2\/posts\/6887","targetHints":{"allow":["GET"]}}],"collection":[{"href":"https:\/\/www.urbinavolant.com\/verbavolant\/index.php\/wp-json\/wp\/v2\/posts"}],"about":[{"href":"https:\/\/www.urbinavolant.com\/verbavolant\/index.php\/wp-json\/wp\/v2\/types\/post"}],"author":[{"embeddable":true,"href":"https:\/\/www.urbinavolant.com\/verbavolant\/index.php\/wp-json\/wp\/v2\/users\/1"}],"replies":[{"embeddable":true,"href":"https:\/\/www.urbinavolant.com\/verbavolant\/index.php\/wp-json\/wp\/v2\/comments?post=6887"}],"version-history":[{"count":0,"href":"https:\/\/www.urbinavolant.com\/verbavolant\/index.php\/wp-json\/wp\/v2\/posts\/6887\/revisions"}],"wp:attachment":[{"href":"https:\/\/www.urbinavolant.com\/verbavolant\/index.php\/wp-json\/wp\/v2\/media?parent=6887"}],"wp:term":[{"taxonomy":"category","embeddable":true,"href":"https:\/\/www.urbinavolant.com\/verbavolant\/index.php\/wp-json\/wp\/v2\/categories?post=6887"},{"taxonomy":"post_tag","embeddable":true,"href":"https:\/\/www.urbinavolant.com\/verbavolant\/index.php\/wp-json\/wp\/v2\/tags?post=6887"}],"curies":[{"name":"wp","href":"https:\/\/api.w.org\/{rel}","templated":true}]}}