{"id":6952,"date":"2019-03-15T08:44:11","date_gmt":"2019-03-15T07:44:11","guid":{"rendered":"https:\/\/www.urbinavolant.com\/verbavolant\/?p=6952"},"modified":"2019-03-15T15:50:48","modified_gmt":"2019-03-15T14:50:48","slug":"historias-de-alumnos-el-dia-en-el-que-albano-y-a-mi-unos-profes-de-algun-colegio-pijo-nos-acusaron-de-hacer-trampas","status":"publish","type":"post","link":"https:\/\/www.urbinavolant.com\/verbavolant\/index.php\/2019\/03\/15\/historias-de-alumnos-el-dia-en-el-que-albano-y-a-mi-unos-profes-de-algun-colegio-pijo-nos-acusaron-de-hacer-trampas\/","title":{"rendered":"Historias de alumnos: el d\u00eda en el que a Albano y a m\u00ed unos profes de alg\u00fan colegio pijo nos acusaron de hacer trampas"},"content":{"rendered":"\n<div class=\"wp-block-image\"><figure class=\"aligncenter\"><a href=\"https:\/\/flic.kr\/p\/j7YXTA\" target=\"_blank\" rel=\"noreferrer noopener\"><img data-recalc-dims=\"1\" loading=\"lazy\" decoding=\"async\" width=\"640\" height=\"480\" src=\"https:\/\/i0.wp.com\/www.urbinavolant.com\/verbavolant\/wp-content\/uploads\/2019\/03\/11893435084_d172f5d415_z.jpg?resize=640%2C480&#038;ssl=1\" alt=\"\" class=\"wp-image-6953\" srcset=\"https:\/\/i0.wp.com\/www.urbinavolant.com\/verbavolant\/wp-content\/uploads\/2019\/03\/11893435084_d172f5d415_z.jpg?w=640&amp;ssl=1 640w, https:\/\/i0.wp.com\/www.urbinavolant.com\/verbavolant\/wp-content\/uploads\/2019\/03\/11893435084_d172f5d415_z.jpg?resize=300%2C225&amp;ssl=1 300w\" sizes=\"auto, (max-width: 640px) 100vw, 640px\" \/><\/a><\/figure><\/div>\n\n\n\n<p style=\"font-size:18px\">Escribir sobre Albano, lo confieso, es entrar en otra dimensi\u00f3n por muchos motivos. He estado durante tantos a\u00f1os a su lado como profesor; he presenciado tantos momentos suyos, buenos, malos y regulares; he empatizado con \u00e9l tantas veces sin un solo desencuentro, que he pospuesto hablar sobre \u00e9l aqu\u00ed porque no sab\u00eda muy bien por qu\u00e9 historia empezar.<\/p>\n\n\n\n<p style=\"font-size:18px\">Hay muchas cosas de Albano que no puedo contar. Algunas, por el sagrado derecho de la privacidad que se establece cuando a un profesor se le cuenta algo de modo confidencial. Otras, porque no me da la gana. Pero tengo en mente muchas an\u00e9cdotas que estar\u00e1n plasmadas aqu\u00ed sin ninguna duda.<\/p>\n\n\n\n<p style=\"font-size:18px\">Y he decidido empezar por el d\u00eda en el que a Albano y a m\u00ed unos profes de alg\u00fan que otro colegio pijo (no todos, que conste) nos acusaron de hacer trampas. Pero tengo que ir hacia atr\u00e1s un a\u00f1o: se celebraba la primera edici\u00f3n del Concurso Hispanoamericano de Ortograf\u00eda (ahora ya van, creo, por la XII edici\u00f3n). Las bases del concurso exig\u00edan pasar por tres fases: la fase escolar, en el centro, la fase provincial, la fase nacional&#8230; y de ah\u00ed al para\u00edso. En el momento en el que vi la convocatoria, empec\u00e9 a calentar motores y a animar a mis alumnos poniendo a Cuba como destino, haciendo pasar por sus mentes el calor del Caribe, las playas de brisa amable, el encanto de La Habana&#8230; Iba destinado a los alumnos del \u00faltimo a\u00f1o de bachillerato.<\/p>\n\n\n\n<p style=\"font-size:18px\">Organic\u00e9 la fase escolar realizando unas pruebas entre todos los alumnos. Los hab\u00eda muy buenos y estudiosos. Los hab\u00eda muy buenos y estudiosos e inteligentes. Y luego estaba Albano. Albano hab\u00eda pasado por el sistema anterior (el del BUP) y hab\u00eda repetido tantas veces que casi agota las hojas del libro de escolaridad. Solo la transici\u00f3n al nuevo sistema le permiti\u00f3 continuar. Ahora seguro que est\u00e1is pensando en un alumno d\u00edscolo, en un chico pasota, en un vago, en un malandr\u00edn, en qu\u00e9 se yo. Ninguna de estas cosas era Albano. Muy al contrario, se trataba de un chico muy inteligente y con una de las culturas m\u00e1s vastas e insospechadas para alguien de su edad. Albano barri\u00f3 en la fase escolar con unos conocimientos prodigiosos.<\/p>\n\n\n\n<p style=\"font-size:18px\">Y el d\u00eda de la fase provincial nos presentamos en el instituto Cardenal L\u00f3pez de Mendoza. Lleg\u00e1bamos charlando y riendo con nuestras cosas (hay algo que siempre he valorado en Albano: siempre hemos sintonizado con un tipo de humor muy peculiar). Llegamos al claustro antes de entrar en la biblioteca y vemos a otros chicos, otras chicas, acompa\u00f1ados por sus profesores. Casi todos muy serios, erguidos, circunspectos. Los profesores con los brazos cruzados, preocupados por la tremenda responsabilidad que ten\u00edan, qu\u00e9 se yo. Cuando nos fuimos acercando, nos fuimos saludando (obviamente, conoc\u00eda a muchos de ellos: era amigo de alguno de ellos, hab\u00eda coincidido mil veces en otras circunstancias, alguno incluso fue profesor m\u00edo en el instituto). Luego, tanto los chicos como los profesores miraron a Albano. De arriba a abajo. Despacio. Porque Albano no vest\u00eda ni bien ni mal. Simplemente, ten\u00eda una forma distinta \u2014ni zaparrastrosa, ni macarra, ni provocativa, ni nada, solo distinta\u2014 de vestir. Todos los dem\u00e1s, especialmente los que pertenec\u00edan a colegios privados, iban muy monos, decentes y elegantes. Parec\u00eda que la ortograf\u00eda entraba por los ojos en forma de pantal\u00f3n de pinzas con la raya bien planchada, en forma de falda plisadita con la altura justa, con camisa o blusa inmaculada, con jersey de cuello redondo del color de moda en aquella \u00e9poca.<\/p>\n\n\n\n<p style=\"font-size:18px\">El concurso empez\u00f3 y, mientras los alumnos hac\u00edan los ejercicios en la sala de la biblioteca, una compa\u00f1era del Mendoza, estupenda profesora y persona encantadora, nos fue contando historias muy interesante de este edificio tan maravilloso (para los que no son de Burgos, es preciso apuntar que la parte noble es del siglo XVI). Fuimos a tomar un caf\u00e9 despu\u00e9s. Un cuarto de hora antes de finalizar el ejercicio, volvimos al instituto. Esperamos en el claustro. Salieron los chicos y el jurado empez\u00f3 a corregir los ejercicios. Se mascaba un ambiente de nerviosismo y tensi\u00f3n, mientras Albano y yo habl\u00e1bamos de los encantos de Cuba. Despu\u00e9s de media hora, sali\u00f3 el inspector de educaci\u00f3n que ejerc\u00eda de presidente del jurado y proclam\u00f3 el nombre del ganador, que no era otro que Albano. Primero hubo un momento de estupefacci\u00f3n entre los ni\u00f1os monos, que miraban a sus profesores sin comprender nada. Despu\u00e9s, las naturales felicitaciones, besos y dem\u00e1s. No puedo extenderme m\u00e1s en estos momentos: Albano acudi\u00f3 a la fase regional, que no gan\u00f3 por un pelo (en forma de una palabra ignota que una chica, bien adiestrada y competente, supo adivinar). Y ah\u00ed qued\u00f3 la cosa, no sin antes recibir para nuestro instituto una porrada de libros en forma de premio que nos vinieron de perlas.<\/p>\n\n\n\n<p style=\"font-size:18px\">Al a\u00f1o siguiente se convoc\u00f3 la segunda edici\u00f3n del concurso. Albano hab\u00eda repetido curso y, por lo tanto, form\u00f3 parte de los alumnos que hicieron las pruebas en nuestro instituto. Y, por supuesto, volvi\u00f3 a ganar. Nos toc\u00f3 ir al instituto Cardenal L\u00f3pez de Mendoza. La circunstancia fue tan parecida que puedo hacer un copia-pega: lleg\u00e1bamos charlando y riendo con nuestras cosas (hay algo que siempre he valorado en Albano: siempre hemos sintonizado con un tipo de humor muy peculiar). Llegamos al claustro antes de entrar en la biblioteca y vemos a otros chicos, otras chicas, acompa\u00f1ados por sus profesores. Casi todos muy serios, erguidos, circunspectos. Los profesores con los brazos cruzados, preocupados por la tremenda responsabilidad que ten\u00edan, qu\u00e9 se yo. Cuando nos fuimos acercando \u2014y aqu\u00ed se acabaron las similitudes y el copia-pega\u2014, sus compa\u00f1eros, monos ellos tambi\u00e9n ese a\u00f1o, miraron a Albano, que vest\u00eda, me imagino, con una r\u00e9plica exacta de los ropajes que luc\u00eda el a\u00f1o anterior (ahora desvelo un detalle que creo que saben muy pocas personas: Albano vest\u00eda casi siempre igual, pero ten\u00eda muchas prendas diferentes a modo de r\u00e9plica). Entre los profesores, en cambio, se produjo un movimiento extra\u00f1o. Algunos cuchicheaban, empezaron a hablar unos con otros. Los representantes de tres colegios pijos hicieron una mel\u00e9 organizada de la que sali\u00f3, en forma de bal\u00f3n, un portavoz que dijo: \u00abEsto no puede ser, este chico es el mismo del a\u00f1o pasado. Esto es un fraude\u00bb. En sus mentes de vidas previsibles, no pod\u00edan concebir que un alumno que acudiese a ese concurso de mentes excelentes y memorias prodigiosas hubiese repetido curso. Cuando les comuniqu\u00e9 esta circunstancia de forma discreta y comedida, ellos pensaban que no era cierto, que est\u00e1bamos haciendo trampas, que quer\u00edamos apear de la excelencia a su centro, que les arrebatar\u00edamos sus billetes de avi\u00f3n y estancia pagada a Colombia, los jugos bien mezclados en la barra del bar que habr\u00eda, con toda seguridad, en un hotel de ensue\u00f1o.<\/p>\n\n\n\n<p style=\"font-size:18px\">La cosa se calm\u00f3 un poco. Mientras los alumnos hac\u00edan las pruebas, algunos compa\u00f1eros nos fuimos a tomar un caf\u00e9 con la profe del Mendoza. No estaba ninguno de estos compa\u00f1eros que hab\u00edan protestado, que me imagino que estaban indignados con una circunstancia tan inesperadamente inesperada, por lo que, en un ambiente relajado, yo les cont\u00e9 al resto (hasta donde les pude contar) cosas de Albano. Ya de vuelta al instituto, el presidente del jurado dijo el nombre del ganador, que fue una chica que gan\u00f3 a Albano con solo un acierto de diferencia. Falt\u00f3 un pelo<\/p>\n\n\n\n<p style=\"font-size:18px\">Y Albano y yo emprendimos nuestro viaje de vuelta a la realidad, a nuestro instituto. Y nos re\u00edmos del mundo, de la situaci\u00f3n que nos toc\u00f3 vivir, de los prejuicios y de la ortograf\u00eda entre pantalones de pinzas bien planchados, entre faldas plisadas. Siempre a la altura justa. Hablar\u00e9 m\u00e1s de Albano, que ahora es buen amigo. Siempre lo fue.<\/p>\n\n\n\n<p>Esta entrada pertenece a la serie&nbsp;<em><a rel=\"noreferrer noopener\" href=\"https:\/\/www.urbinavolant.com\/verbavolant\/index.php\/tag\/historias-de-alumnos\/\" target=\"_blank\">Historias de alumnos<\/a><\/em>. Para salvaguardar las identidades, los nombres no son los reales y puede que se cambien algunas circunstancias contextuales, si ello es necesario para no revelar el secreto profesional. Tambi\u00e9n es conveniente recordar que, como puede suponerse, las historias se cuentan aqu\u00ed de una manera resumida y que, en la vida real, tuvieron muchos m\u00e1s matices.. Imagen de <a href=\"https:\/\/flic.kr\/p\/j7YXTA\" target=\"_blank\" rel=\"noreferrer noopener\" aria-label=\"Turol Jones (opens in a new tab)\">Turol Jones<\/a> de la preciosa entrada del instituto Cardenal L\u00f3pez de Mendoza.<br \/><\/p>\n","protected":false},"excerpt":{"rendered":"<p>Escribir sobre Albano, lo confieso, es entrar en otra dimensi\u00f3n por muchos motivos. He estado durante tantos a\u00f1os a su lado como profesor; he presenciado tantos momentos suyos, buenos, malos y regulares; he empatizado con \u00e9l tantas veces sin un solo desencuentro, que he pospuesto hablar sobre \u00e9l aqu\u00ed porque no sab\u00eda muy bien por &#8230; <a title=\"Historias de alumnos: el d\u00eda en el que a Albano y a m\u00ed unos profes de alg\u00fan colegio pijo nos acusaron de hacer trampas\" class=\"read-more\" href=\"https:\/\/www.urbinavolant.com\/verbavolant\/index.php\/2019\/03\/15\/historias-de-alumnos-el-dia-en-el-que-albano-y-a-mi-unos-profes-de-algun-colegio-pijo-nos-acusaron-de-hacer-trampas\/\" aria-label=\"Leer m\u00e1s sobre Historias de alumnos: el d\u00eda en el que a Albano y a m\u00ed unos profes de alg\u00fan colegio pijo nos acusaron de hacer trampas\">Leer m\u00e1s<\/a><\/p>\n","protected":false},"author":1,"featured_media":0,"comment_status":"open","ping_status":"open","sticky":false,"template":"","format":"standard","meta":{"_monsterinsights_skip_tracking":false,"_monsterinsights_sitenote_active":false,"_monsterinsights_sitenote_note":"","_monsterinsights_sitenote_category":0,"_kadence_starter_templates_imported_post":false,"jetpack_post_was_ever_published":false,"_jetpack_newsletter_access":"","_jetpack_dont_email_post_to_subs":false,"_jetpack_newsletter_tier_id":0,"_jetpack_memberships_contains_paywalled_content":false,"_jetpack_memberships_contains_paid_content":false,"footnotes":"","jetpack_publicize_message":"","jetpack_publicize_feature_enabled":true,"jetpack_social_post_already_shared":true,"jetpack_social_options":{"image_generator_settings":{"template":"highway","default_image_id":0,"font":"","enabled":false},"version":2}},"categories":[72,91,61],"tags":[166],"class_list":["post-6952","post","type-post","status-publish","format-standard","hentry","category-contrastes","category-ensenanza","category-laberintos","tag-historias-de-alumnos"],"jetpack_publicize_connections":[],"jetpack_featured_media_url":"","jetpack_shortlink":"https:\/\/wp.me\/pLsVN-1O8","jetpack_sharing_enabled":true,"_links":{"self":[{"href":"https:\/\/www.urbinavolant.com\/verbavolant\/index.php\/wp-json\/wp\/v2\/posts\/6952","targetHints":{"allow":["GET"]}}],"collection":[{"href":"https:\/\/www.urbinavolant.com\/verbavolant\/index.php\/wp-json\/wp\/v2\/posts"}],"about":[{"href":"https:\/\/www.urbinavolant.com\/verbavolant\/index.php\/wp-json\/wp\/v2\/types\/post"}],"author":[{"embeddable":true,"href":"https:\/\/www.urbinavolant.com\/verbavolant\/index.php\/wp-json\/wp\/v2\/users\/1"}],"replies":[{"embeddable":true,"href":"https:\/\/www.urbinavolant.com\/verbavolant\/index.php\/wp-json\/wp\/v2\/comments?post=6952"}],"version-history":[{"count":0,"href":"https:\/\/www.urbinavolant.com\/verbavolant\/index.php\/wp-json\/wp\/v2\/posts\/6952\/revisions"}],"wp:attachment":[{"href":"https:\/\/www.urbinavolant.com\/verbavolant\/index.php\/wp-json\/wp\/v2\/media?parent=6952"}],"wp:term":[{"taxonomy":"category","embeddable":true,"href":"https:\/\/www.urbinavolant.com\/verbavolant\/index.php\/wp-json\/wp\/v2\/categories?post=6952"},{"taxonomy":"post_tag","embeddable":true,"href":"https:\/\/www.urbinavolant.com\/verbavolant\/index.php\/wp-json\/wp\/v2\/tags?post=6952"}],"curies":[{"name":"wp","href":"https:\/\/api.w.org\/{rel}","templated":true}]}}