{"id":7080,"date":"2019-04-28T10:21:16","date_gmt":"2019-04-28T09:21:16","guid":{"rendered":"https:\/\/www.urbinavolant.com\/verbavolant\/?p=7080"},"modified":"2019-04-28T10:22:10","modified_gmt":"2019-04-28T09:22:10","slug":"reflexiones-de-domingo-con-el-ultimo-dia-que-hablo-del-reto-de-libros-hablando-de-mas-libros-hablando-de-mas-cosas","status":"publish","type":"post","link":"https:\/\/www.urbinavolant.com\/verbavolant\/index.php\/2019\/04\/28\/reflexiones-de-domingo-con-el-ultimo-dia-que-hablo-del-reto-de-libros-hablando-de-mas-libros-hablando-de-mas-cosas\/","title":{"rendered":"Reflexiones de domingo, con el \u00faltimo d\u00eda que hablo del reto de libros, hablando de m\u00e1s libros, hablando de m\u00e1s cosas"},"content":{"rendered":"\n<div class=\"wp-block-image\"><figure class=\"aligncenter\"><a href=\"https:\/\/flic.kr\/p\/cHRsGN\" target=\"_blank\" rel=\"noreferrer noopener\"><img data-recalc-dims=\"1\" loading=\"lazy\" decoding=\"async\" width=\"639\" height=\"426\" src=\"https:\/\/i0.wp.com\/www.urbinavolant.com\/verbavolant\/wp-content\/uploads\/2019\/04\/7693551102_35ca5c8e08_z.jpg?resize=639%2C426&#038;ssl=1\" alt=\"\" class=\"wp-image-7081\" srcset=\"https:\/\/i0.wp.com\/www.urbinavolant.com\/verbavolant\/wp-content\/uploads\/2019\/04\/7693551102_35ca5c8e08_z.jpg?w=639&amp;ssl=1 639w, https:\/\/i0.wp.com\/www.urbinavolant.com\/verbavolant\/wp-content\/uploads\/2019\/04\/7693551102_35ca5c8e08_z.jpg?resize=300%2C200&amp;ssl=1 300w\" sizes=\"auto, (max-width: 639px) 100vw, 639px\" \/><\/a><\/figure><\/div>\n\n\n\n<p style=\"font-size:18px\">Con d\u00edas de retraso, hablar\u00e9 del \u00faltimo libro del reto de siete d\u00edas en siete libros, pero para eso habr\u00e1 que esperar hasta el final. Tengo que hablar de m\u00e1s libros, de m\u00e1s cosas.<\/p>\n\n\n\n<p style=\"font-size:18px\">Hoy he dormido m\u00e1s de ocho horas y el d\u00eda ha amanecido luminoso. Ayer me despert\u00e9 a eso de las cuatro y media con la obsesi\u00f3n de que no iba a entrar en el ba\u00f1ador <em>jammer<\/em> que me hab\u00eda comprado (es un tipo de ba\u00f1ador ajustad\u00edsimo \u2014y ajustad\u00edsimo es tan literal que se tarda un buen rato en poner, casi cent\u00edmetro a cent\u00edmetro\u2014, que llega hasta las rodillas, que comprime los m\u00fasculos para sacarles el mejor rendimiento y provoca que el agua deslice y ofrezca poca resistencia, dentro de lo posible. Iba a ser el d\u00eda en el que, por primera vez en mi vida, competir\u00eda en un Campeonato de Espa\u00f1a de nataci\u00f3n. Llegamos a Vitoria y, en una piscina preciosa, cumpl\u00ed uno de los retos que ten\u00eda fijados desde los 16 a\u00f1os y del que ya he hablado varias veces. Lo m\u00e1s importante no es que rebajase mi tiempo en el 1500 libres y en los 200 libres, nadados junto a mis compa\u00f1eros en el relevo 4&#215;200. Fue mucho m\u00e1s gratificante que disfrut\u00e9 much\u00edsimo no solo al finalizar las pruebas, sino durante el tiempo que estaba en la piscina moviendo brazos y piernas. No hay cosa m\u00e1s preciosa que el aire que recoges cuando sacas la cabeza para impulsarte. Un poco m\u00e1s.<\/p>\n\n\n\n<p style=\"font-size:18px\">Era una manera perfecta de empezar el final de una semana que ha sido criminal, cargada de responsabilidades, llena de trabajos y pr\u00e1cticas. Mientras algunos se acuerdan de las vacaciones de los profesores, yo no logro recordar ni un d\u00eda de las vacaciones que no haya tenido que sentarme dedicado a mis labores. Volver a la facultad, sin embargo, nunca me resulta traum\u00e1tico: siempre encuentras dificultades, pero tambi\u00e9n muchos compa\u00f1eros que te ayudan a superarlas.<\/p>\n\n\n\n<p style=\"font-size:18px\">Si la piscina me ense\u00f1a a regular la respiraci\u00f3n, a dosificar el aire y a saber mantener un ritmo (\u00a1qu\u00e9 importante es la disciplina, que solamente se logra si se entrena, en el deporte y en la vida!), la ficci\u00f3n me est\u00e1 dando tantos momentos maravillosos que compensan muchos sinsabores.<\/p>\n\n\n\n<p>Iba a hablar del \u00faltimo libro que he le\u00eddo esta semana (<em>El adversario<\/em>, de Emmanuel Carr\u00e8re, que me ha gustado y no me ha gustado a la vez), pero ten\u00eda que elegir un libro para acabar con el reto propuesto. Y desfilaban tantos libros como candidatos que a punto he estado de dejar la serie sin un final. <\/p>\n\n\n\n<p style=\"font-size:18px\">Y me doy cuenta de que no voy a poder de algunos de mis poetas favoritos. Hubiese empezado, sin duda, por \u00c1ngel Gonz\u00e1lez, mi favorito entre los favoritos. De G\u00f3ngora, por supuesto. De Garc\u00eda Montero y Gil de Biedma, del descubrimiento que me supuso la lectura de <em>Fuera de campo<\/em> de Pablo Garc\u00eda Casado. Y de tantos otros. Y de Cernuda, claro.<\/p>\n\n\n\n<p style=\"font-size:18px\">Que no figurar\u00e1 <em>Dr\u00e1cula<\/em> que, es una novela perfecta en todos los sentidos, una obra que siempre est\u00e1 muy por encima de cualquier expectativa. De la conmoci\u00f3n que me supuso la lectura de <em>Frankenstein<\/em>, en la que no sab\u00eda que hab\u00eda ternura, en los sentimientos destilados en las obras de Dickens y de Stevenson, de Twain. Qu\u00e9 injusto resulta resulta saltarse todas esas ficciones. Y las de Gald\u00f3s y las de Mill\u00e1s, por poner peque\u00f1os grandes ejemplos. Me acuerdo ahora del pecado que supone no dedicar unas l\u00edneas a las obras de Julio Llamazares. <\/p>\n\n\n\n<p style=\"font-size:18px\">Me pregunto c\u00f3mo es posible no hablar de Jardiel Poncela (qu\u00e9 grande como dramaturgo, que deliciosas y desternillantes sus novelas). \u00bfNo dedicar\u00e9 ni un segundo a las clases en las que llor\u00e1bamos de risa a las ocho y media de la ma\u00f1ana disfrutando de Miguel Mihura y de los dilemas existenciales del bueno de Augusto?<\/p>\n\n\n\n<p style=\"font-size:18px\">Hablando de risa, me hubiese parecido indispensable no omitir la novela a la que tengo por m\u00e1s graciosa de todas las que he l\u00e9ido (<em>Terapia<\/em>, de David Lodge). Hablando de misterio y ficci\u00f3n polic\u00edaca, no poder hablar del momento en el que Conan Doyle de Sherlock Holmes se incorpor\u00f3 a mi vida con su obra completa. El disfrute de la cr\u00f3nica hecha literatura en Garc\u00eda M\u00e1rquez o Capote. O esa obra suprema del para m\u00ed cada vez m\u00e1s cuestionable P\u00e9rez-Reverte que es Territorio Comanche, de la que hablaba V\u00edctor un d\u00eda. Del d\u00eda que descubr\u00ed a Marta Sanz, de los dos d\u00edas magn\u00edficos que pas\u00e9 con <em>La invenci\u00f3n del amor<\/em>, de Ovejero. De Rafael Reig y de Miguel \u00c1ngel Hern\u00e1ndez. Del momento demasiado tard\u00edo en el que descubr\u00ed a los griegos. Del d\u00eda que asist\u00ed a la representaci\u00f3n de <em>El lector por horas<\/em>. De todas las veces que he redescubierto a Eco en <em>El nombre de la rosa<\/em>.<\/p>\n\n\n\n<p style=\"font-size:18px\"> Ten\u00eda casi decidido que hablar\u00eda, como \u00faltimo libro, de Richard Ford, pero luego pens\u00e9 en Ian McEwan, ese maravilloso <em>S\u00e1bado<\/em>, y lo tuve claro. Luego me acord\u00e9 de que ser\u00eda imperdonable no dedicarle ese espacio a la <em>Novela de ajedrez de Stefan Zweig<\/em>, que tanto supuso para m\u00ed. Me vino a la cabeza todo lo que siento con las narraciones de Auster, de lo que me gusta su manera de contar, y, entre todo lo que me gusta de \u00e9l, me iba a decidir, definitivamente, por <em>Brooklyn Follies<\/em>. Con ese final que lo resume todo, dios m\u00edo.<\/p>\n\n\n\n<p style=\"font-size:18px\">Y en esas meditaciones y divagaciones estaba cuando empec\u00e9 a leer por un rebote del destino a una autora que, de manera imperdonable, desconoc\u00eda. Cay\u00f3 en mis manos <em>Tierra desacostumbrada<\/em>, de Jhumpa Lahiri. Lo empec\u00e9 sin saber a qu\u00e9 atenerme, fue gan\u00e1ndome como solo lo consiguen las grandes narraciones y lo acab\u00e9 la semana pasada en la que, para m\u00ed, destaca un pasaje esencial:<\/p>\n\n\n\n<blockquote class=\"wp-block-quote is-style-large is-layout-flow wp-block-quote-is-layout-flow\"><p>\u2014Llevan toda la vida en este lugar. Morir\u00e1n aqu\u00ed.<\/p><p>\u2014Los envidio por ello \u2014coment\u00f3 Hema.<\/p><p>\u2014\u00bfDe verdad?<\/p><p>\u2014Yo nunca he pertenecido a un lugar de esa manera.<\/p><\/blockquote>\n\n\n\n<p style=\"font-size:18px\">Se refiere a lugares en un libro que trata de personas que nacen en un pa\u00eds y residen en otro, que asimilan parte de algo sin desgajarse de las tradiciones u olvid\u00e1ndose de ellas, de una tierra en la que viven y de la que no proceden, en la que pasan su vida sin un arraigo absoluto. Pero el fragmento, para m\u00ed, no se ci\u00f1e solamente a territorios geogr\u00e1ficos, sino a territorios vitales y existenciales, a mundos personales. Y me conmovi\u00f3 pensar en m\u00ed existencia como habitante de esa tierra desacostumbrada que es la vida. Habitante aparente de (casi) un \u00fanico lugar y con la sensaci\u00f3n constante de pertenecer a otros con toda la fuerza que aporta la desubicaci\u00f3n, la dislocaci\u00f3n. A m\u00ed tambi\u00e9n me da la impresi\u00f3n de que \u00abnunca he pertenecido a un lugar de esa manera\u00bb.<\/p>\n\n\n\n<p><br \/>La imagen es de <a href=\"https:\/\/flic.kr\/p\/cHRsGN\">Marc Suri\u00e0<\/a>.<\/p>\n","protected":false},"excerpt":{"rendered":"<p>Con d\u00edas de retraso, hablar\u00e9 del \u00faltimo libro del reto de siete d\u00edas en siete libros, pero para eso habr\u00e1 que esperar hasta el final. Tengo que hablar de m\u00e1s libros, de m\u00e1s cosas. Hoy he dormido m\u00e1s de ocho horas y el d\u00eda ha amanecido luminoso. Ayer me despert\u00e9 a eso de las cuatro &#8230; <a title=\"Reflexiones de domingo, con el \u00faltimo d\u00eda que hablo del reto de libros, hablando de m\u00e1s libros, hablando de m\u00e1s cosas\" class=\"read-more\" href=\"https:\/\/www.urbinavolant.com\/verbavolant\/index.php\/2019\/04\/28\/reflexiones-de-domingo-con-el-ultimo-dia-que-hablo-del-reto-de-libros-hablando-de-mas-libros-hablando-de-mas-cosas\/\" aria-label=\"Leer m\u00e1s sobre Reflexiones de domingo, con el \u00faltimo d\u00eda que hablo del reto de libros, hablando de m\u00e1s libros, hablando de m\u00e1s cosas\">Leer m\u00e1s<\/a><\/p>\n","protected":false},"author":1,"featured_media":0,"comment_status":"open","ping_status":"open","sticky":false,"template":"","format":"standard","meta":{"_monsterinsights_skip_tracking":false,"_monsterinsights_sitenote_active":false,"_monsterinsights_sitenote_note":"","_monsterinsights_sitenote_category":0,"_kadence_starter_templates_imported_post":false,"jetpack_post_was_ever_published":false,"_jetpack_newsletter_access":"","_jetpack_dont_email_post_to_subs":false,"_jetpack_newsletter_tier_id":0,"_jetpack_memberships_contains_paywalled_content":false,"_jetpack_memberships_contains_paid_content":false,"footnotes":"","jetpack_publicize_message":"Para llegar al \u00faltimo libro, tendr\u00e9is que leer:\n\"Reflexiones de domingo, con el \u00faltimo d\u00eda que hablo del reto de libros, hablando de m\u00e1s libros, hablando de m\u00e1s cosas\"","jetpack_publicize_feature_enabled":true,"jetpack_social_post_already_shared":true,"jetpack_social_options":{"image_generator_settings":{"template":"highway","default_image_id":0,"font":"","enabled":false},"version":2}},"categories":[114,65],"tags":[],"class_list":["post-7080","post","type-post","status-publish","format-standard","hentry","category-lectura","category-sentido"],"jetpack_publicize_connections":[],"jetpack_featured_media_url":"","jetpack_shortlink":"https:\/\/wp.me\/pLsVN-1Qc","jetpack_sharing_enabled":true,"_links":{"self":[{"href":"https:\/\/www.urbinavolant.com\/verbavolant\/index.php\/wp-json\/wp\/v2\/posts\/7080","targetHints":{"allow":["GET"]}}],"collection":[{"href":"https:\/\/www.urbinavolant.com\/verbavolant\/index.php\/wp-json\/wp\/v2\/posts"}],"about":[{"href":"https:\/\/www.urbinavolant.com\/verbavolant\/index.php\/wp-json\/wp\/v2\/types\/post"}],"author":[{"embeddable":true,"href":"https:\/\/www.urbinavolant.com\/verbavolant\/index.php\/wp-json\/wp\/v2\/users\/1"}],"replies":[{"embeddable":true,"href":"https:\/\/www.urbinavolant.com\/verbavolant\/index.php\/wp-json\/wp\/v2\/comments?post=7080"}],"version-history":[{"count":0,"href":"https:\/\/www.urbinavolant.com\/verbavolant\/index.php\/wp-json\/wp\/v2\/posts\/7080\/revisions"}],"wp:attachment":[{"href":"https:\/\/www.urbinavolant.com\/verbavolant\/index.php\/wp-json\/wp\/v2\/media?parent=7080"}],"wp:term":[{"taxonomy":"category","embeddable":true,"href":"https:\/\/www.urbinavolant.com\/verbavolant\/index.php\/wp-json\/wp\/v2\/categories?post=7080"},{"taxonomy":"post_tag","embeddable":true,"href":"https:\/\/www.urbinavolant.com\/verbavolant\/index.php\/wp-json\/wp\/v2\/tags?post=7080"}],"curies":[{"name":"wp","href":"https:\/\/api.w.org\/{rel}","templated":true}]}}