{"id":7189,"date":"2019-11-01T18:26:23","date_gmt":"2019-11-01T17:26:23","guid":{"rendered":"https:\/\/www.urbinavolant.com\/verbavolant\/?p=7189"},"modified":"2019-11-01T18:27:13","modified_gmt":"2019-11-01T17:27:13","slug":"entraste-sin-avisar","status":"publish","type":"post","link":"https:\/\/www.urbinavolant.com\/verbavolant\/index.php\/2019\/11\/01\/entraste-sin-avisar\/","title":{"rendered":"Entraste sin avisar"},"content":{"rendered":"\n\n\n<div class=\"wp-block-image\"><figure class=\"aligncenter\"><a href=\"https:\/\/flic.kr\/p\/eaiivL\" target=\"_blank\" rel=\"noreferrer noopener\"><img data-recalc-dims=\"1\" loading=\"lazy\" decoding=\"async\" width=\"800\" height=\"600\" src=\"https:\/\/i0.wp.com\/www.urbinavolant.com\/verbavolant\/wp-content\/uploads\/2019\/11\/8637862266_92dd3cdda1_c.jpg?resize=800%2C600&#038;ssl=1\" alt=\"\" class=\"wp-image-7192\" srcset=\"https:\/\/i0.wp.com\/www.urbinavolant.com\/verbavolant\/wp-content\/uploads\/2019\/11\/8637862266_92dd3cdda1_c.jpg?w=800&amp;ssl=1 800w, https:\/\/i0.wp.com\/www.urbinavolant.com\/verbavolant\/wp-content\/uploads\/2019\/11\/8637862266_92dd3cdda1_c.jpg?resize=300%2C225&amp;ssl=1 300w, https:\/\/i0.wp.com\/www.urbinavolant.com\/verbavolant\/wp-content\/uploads\/2019\/11\/8637862266_92dd3cdda1_c.jpg?resize=768%2C576&amp;ssl=1 768w\" sizes=\"auto, (max-width: 800px) 100vw, 800px\" \/><\/a><\/figure><\/div>\n\n\n\n<p style=\"font-size:17px\">\u00c9L. \u00bfSabes? Reconozco que he intentado pensar algunas veces c\u00f3mo ser\u00eda una vida sin ti. Pero no s\u00e9, me he rendido a la evidencia y reconozco que ni siquiera puedo llegar a imaginarlo. Todo esto desde el d\u00eda en que hab\u00eda una puerta entreabierta y entraste sin avisar, como un torrente cuya ausencia se me har\u00eda insoportable.<\/p>\n\n\n\n<p style=\"font-size:17px\">ELLA. No s\u00e9, yo no le he dado tantas vueltas, pero s\u00ed pienso que a\u00fan vamos descubriendo cosas el uno del otro. Despu\u00e9s de tanto tiempo juntos, es algo que valoro mucho. Todav\u00eda recuerdo mi sorpresa inicial: te imaginaba como una persona seria y callada, demasiado cerebral y me he ido encontrando con una persona que no se calla ni aunque le pongan debajo del agua, m\u00e1s ligero de lo que parece. Y con una predisposici\u00f3n peligrosa a los chistes malos, tambi\u00e9n es cierto.<\/p>\n\n\n\n<p style=\"font-size:17px\">\u00c9L. Ahora que estamos por contarnos estas peque\u00f1as confidencias, te confieso que he descubierto un mundo a trav\u00e9s de cosas muy simples, que ahora valoro mucho m\u00e1s. Me haces falta porque, a trav\u00e9s de ti, veo el mundo lleno de colores. El amor que yo esperaba en la vida lo he encontrado solamente en ti. Por eso, te pido, por favor, que no te apartes de m\u00ed.<\/p>\n\n\n\n<p style=\"font-size:17px\">ELLA. Lo intentar\u00e9, cielo. Vamos a intentarlo.<\/p>\n\n\n\n<p>(Este texto, que es una <a rel=\"noreferrer noopener\" href=\"http:\/\/www.urbinavolant.com\/verbavolant\/index.php\/tag\/canciones-prosificadas\/\" target=\"_blank\">canci\u00f3n prosificada<\/a> y modificada a voluntad de \u00abNo te apartes de m\u00ed\u00bb, de Roberto Carlos, que escucho <a rel=\"noreferrer noopener\" aria-label=\"en una versi\u00f3n de Vicentico (abre en una nueva pesta\u00f1a)\" href=\"https:\/\/youtu.be\/tJOu5ukveiQ\" target=\"_blank\">en una versi\u00f3n de Vicentico<\/a>, es tambi\u00e9n un <a rel=\"noreferrer noopener\" aria-label=\" (abre en una nueva pesta\u00f1a)\" href=\"https:\/\/www.urbinavolant.com\/verbavolant\/index.php\/tag\/dialogo\/\" target=\"_blank\">di\u00e1logo<\/a> entre \u00c9L y ELLA&#8230; que no se podr\u00e1 ver como tal porque WordPress no admite adjudicar dos etiquetas a la entrada. Con<a href=\"https:\/\/flic.kr\/p\/eaiivL\" target=\"_blank\" rel=\"noreferrer noopener\" aria-label=\" imagen de Giles Watson (abre en una nueva pesta\u00f1a)\"> imagen de Giles Watson<\/a>). <\/p>\n","protected":false},"excerpt":{"rendered":"<p>\u00c9L. \u00bfSabes? Reconozco que he intentado pensar algunas veces c\u00f3mo ser\u00eda una vida sin ti. Pero no s\u00e9, me he rendido a la evidencia y reconozco que ni siquiera puedo llegar a imaginarlo. Todo esto desde el d\u00eda en que hab\u00eda una puerta entreabierta y entraste sin avisar, como un torrente cuya ausencia se me &#8230; <a title=\"Entraste sin avisar\" class=\"read-more\" href=\"https:\/\/www.urbinavolant.com\/verbavolant\/index.php\/2019\/11\/01\/entraste-sin-avisar\/\" aria-label=\"Leer m\u00e1s sobre Entraste sin avisar\">Leer m\u00e1s<\/a><\/p>\n","protected":false},"author":1,"featured_media":0,"comment_status":"open","ping_status":"open","sticky":false,"template":"","format":"standard","meta":{"_monsterinsights_skip_tracking":false,"_monsterinsights_sitenote_active":false,"_monsterinsights_sitenote_note":"","_monsterinsights_sitenote_category":0,"_kadence_starter_templates_imported_post":false,"jetpack_post_was_ever_published":false,"_jetpack_newsletter_access":"","_jetpack_dont_email_post_to_subs":false,"_jetpack_newsletter_tier_id":0,"_jetpack_memberships_contains_paywalled_content":false,"_jetpack_memberships_contains_paid_content":false,"footnotes":"","jetpack_publicize_message":"\"Entraste sin avisar\", un h\u00edbrido entre canci\u00f3n prosificada y la serie \"Di\u00e1logos\".","jetpack_publicize_feature_enabled":true,"jetpack_social_post_already_shared":true,"jetpack_social_options":{"image_generator_settings":{"template":"highway","default_image_id":0,"font":"","enabled":false},"version":2}},"categories":[79,65],"tags":[],"class_list":["post-7189","post","type-post","status-publish","format-standard","hentry","category-dialogo","category-sentido"],"jetpack_publicize_connections":[],"jetpack_featured_media_url":"","jetpack_shortlink":"https:\/\/wp.me\/pLsVN-1RX","jetpack_sharing_enabled":true,"_links":{"self":[{"href":"https:\/\/www.urbinavolant.com\/verbavolant\/index.php\/wp-json\/wp\/v2\/posts\/7189","targetHints":{"allow":["GET"]}}],"collection":[{"href":"https:\/\/www.urbinavolant.com\/verbavolant\/index.php\/wp-json\/wp\/v2\/posts"}],"about":[{"href":"https:\/\/www.urbinavolant.com\/verbavolant\/index.php\/wp-json\/wp\/v2\/types\/post"}],"author":[{"embeddable":true,"href":"https:\/\/www.urbinavolant.com\/verbavolant\/index.php\/wp-json\/wp\/v2\/users\/1"}],"replies":[{"embeddable":true,"href":"https:\/\/www.urbinavolant.com\/verbavolant\/index.php\/wp-json\/wp\/v2\/comments?post=7189"}],"version-history":[{"count":0,"href":"https:\/\/www.urbinavolant.com\/verbavolant\/index.php\/wp-json\/wp\/v2\/posts\/7189\/revisions"}],"wp:attachment":[{"href":"https:\/\/www.urbinavolant.com\/verbavolant\/index.php\/wp-json\/wp\/v2\/media?parent=7189"}],"wp:term":[{"taxonomy":"category","embeddable":true,"href":"https:\/\/www.urbinavolant.com\/verbavolant\/index.php\/wp-json\/wp\/v2\/categories?post=7189"},{"taxonomy":"post_tag","embeddable":true,"href":"https:\/\/www.urbinavolant.com\/verbavolant\/index.php\/wp-json\/wp\/v2\/tags?post=7189"}],"curies":[{"name":"wp","href":"https:\/\/api.w.org\/{rel}","templated":true}]}}