{"id":7208,"date":"2019-11-07T11:45:07","date_gmt":"2019-11-07T10:45:07","guid":{"rendered":"https:\/\/www.urbinavolant.com\/verbavolant\/?p=7208"},"modified":"2019-11-09T13:53:13","modified_gmt":"2019-11-09T12:53:13","slug":"cultura-general-ciencias-y-letras-del-mito-al-laboratorio","status":"publish","type":"post","link":"https:\/\/www.urbinavolant.com\/verbavolant\/index.php\/2019\/11\/07\/cultura-general-ciencias-y-letras-del-mito-al-laboratorio\/","title":{"rendered":"Cultura general, ciencias y letras. Del mito al laboratorio"},"content":{"rendered":"\n<div class=\"wp-block-image\"><figure class=\"aligncenter is-resized\"><img data-recalc-dims=\"1\" loading=\"lazy\" decoding=\"async\" src=\"https:\/\/i0.wp.com\/www.urbinavolant.com\/verbavolant\/wp-content\/uploads\/2019\/11\/41P-GNJoxrL._SX328_BO1204203200_.jpg?resize=248%2C374&#038;ssl=1\" alt=\"\" class=\"wp-image-7213\" width=\"248\" height=\"374\" srcset=\"https:\/\/i0.wp.com\/www.urbinavolant.com\/verbavolant\/wp-content\/uploads\/2019\/11\/41P-GNJoxrL._SX328_BO1204203200_.jpg?w=330&amp;ssl=1 330w, https:\/\/i0.wp.com\/www.urbinavolant.com\/verbavolant\/wp-content\/uploads\/2019\/11\/41P-GNJoxrL._SX328_BO1204203200_.jpg?resize=198%2C300&amp;ssl=1 198w\" sizes=\"auto, (max-width: 248px) 100vw, 248px\" \/><\/figure><\/div>\n\n\n\n<p style=\"font-size:17px\">Siempre me han molestado profundamente las personas que se definen como de \u00abLetras\u00bb o de \u00abCiencias\u00bb. Que no se me entienda mal: creo que lo que (me) ocurre es no tengo nada en contra ni de las Letras ni de las Ciencias y compruebo que hay muchas personas que se declaran incondicionales de uno u otro bando por razones peregrinas y, desde luego, nada consistentes. Los de Letras, diciendo que los de Ciencias son unos borregos e ignorantes que no piensan m\u00e1s que en n\u00fameros; los de Ciencias, diciendo que los se Letras son unos iluminados y pretenciosos que no piensan en una realidad tangible. Yo, que soy un merluzo, nunca he entendido qu\u00e9 significa exactamente ser de Ciencias o ser de Letras. Lo \u00fanico que s\u00e9 es que, en un momento demasiado temprano de mi vida, tuve elegir una cosa a la que llamaban \u00abLetras\u00bb, que me obligaba a dejar de lado una asignatura que me apasionaba (F\u00edsica). Luego escog\u00ed una carrera a la que llamaban \u00abde Letras\u00bb (Filolog\u00eda Hisp\u00e1nica). Y, de pronto, me encontr\u00e9 metido en los campos de la Ling\u00fc\u00edstica, disciplina a la que creo que nadie con un m\u00ednimo de sensatez y conocimiento llamar\u00eda \u00abde Letras\u00bb. Y ese es el laberinto continuo en el que me muevo. Me interesa todo, no solamente una parte, no solamente desde un \u00e1ngulo, aunque no alcance a conocer casi nada.<\/p>\n\n\n\n<h4 class=\"wp-block-heading\" style=\"text-align:right\">\u00abYo, que soy un merluzo, nunca he entendido exactamente qu\u00e9 significa exactamente ser de Ciencias o ser de Letras\u00bb<\/h4>\n\n\n\n<p style=\"font-size:17px\">Interes\u00e1ndome todo, me interesa, claro, eso que se llama \u00abcultura general\u00bb. Pero no esa que los de Letras afirman que poseen ellos y los de Ciencias no, esa que debe consistir en ignorar los principios m\u00e1s b\u00e1sicos de la historia de la ciencia, sino aquella que intenta abarcar todo lo importante. Y hay que ser muy ignorante (es decir, no tener cultura general ni de ninguna otra clase) para pasar por alto tantos siglos de aportaciones esenciales para el ser humano. Tener cultura general no significa tan solo saber de Historia, de Literatura o de Arte, sino conocer unos principios b\u00e1sicos de Biolog\u00eda, de Astronom\u00eda, de F\u00edsica, de Matem\u00e1ticas.<\/p>\n\n\n\n<p style=\"font-size:17px\">A m\u00ed, que soy un ignorante de casi todo, siempre me ha interesado saber un poquito de lo que est\u00e1 a mi alcance y, por esa raz\u00f3n, me gusta mucho la divulgaci\u00f3n cient\u00edfica. En un arranque de locura para mis compa\u00f1eros de clase, que me ve\u00edan como un bicho raro, le\u00ed con pasi\u00f3n a los trece a\u00f1os la <em>Breve historia de la Qu\u00edmica<\/em> de Asimov, al que he visitado y revisitado muchas veces tanto en sus obras de divulgaci\u00f3n como en sus obras de ficci\u00f3n. Y pronto lleg\u00f3, claro, <em>Cosmos<\/em> de Carl Sagan, esa maravilla que ha ayudado a abrir a tantas personas las maravillas de la ciencia.<\/p>\n\n\n\n<h3 class=\"wp-block-heading\" style=\"text-align:right\">\u00abA m\u00ed, que soy un ignorante de casi todo, siempre me ha interesado saber un poquito de lo que est\u00e1 a mi alcance y, por esa raz\u00f3n, me gusta mucho la divulgaci\u00f3n cient\u00edfica\u00bb<\/h3>\n\n\n\n<p style=\"font-size:17px\">Y precisamente de divulgaci\u00f3n cient\u00edfica, de Letras y de Ciencias, va el prop\u00f3sito espec\u00edfico de esta entrada. He tenido la inmensa suerte de poner mi granito de arena para que en la Universidad de Burgos hubiese un curso de verano  a favor de la ciencia y en contra de las pseudociencias, esa variante tan peligrosa y que va impregnando, desgraciadamente,  algunas conciencias mal documentadas y que llega, incluso, a algunos medios de comunicaci\u00f3n que informan muy mal sobre este conocimiento pseudocient\u00edfico haci\u00e9ndolo pasar por \u00abverdadero\u00bb. El m\u00e9rito de todo esto lo ha tenido (y tiene) <a rel=\"noreferrer noopener\" aria-label=\"Luis Alfonso G\u00e1mez (abre en una nueva pesta\u00f1a)\" href=\"https:\/\/magonia.com\/2014\/05\/12\/curso-de-verano-sobre-ciencia-pseudociencia-y-pensamiento-magico-en-la-universidad-de-burgos\/\" target=\"_blank\">Luis Alfonso G\u00e1mez<\/a>, buen amigo desde entonces, que ha dirigido ya cuatro ediciones de este curso y ha contado siempre con un magn\u00edfico cartel de divulgadores y especialistas. Este julio pasado, tuve la ocasi\u00f3n de compartir cartel (y mantel) con algunos de ellos, entre los que se encuentra Daniel Torregrosa, al que conoc\u00eda por el interesante blog <em><a href=\"https:\/\/www.esepuntoazulpalido.com\" target=\"_blank\" rel=\"noreferrer noopener\" aria-label=\"Ese punto azul p\u00e1lido (abre en una nueva pesta\u00f1a)\">Ese punto azul p\u00e1lido<\/a><\/em>. Daniel Torregrosa es el m\u00e1ximo exponente de que la dicotom\u00eda Letras\/Ciencias es perversa y, sobre todo, equivocada. Qu\u00edmico de formaci\u00f3n, Torregrosa (Dani para m\u00ed) es un magn\u00edfico divulgador cient\u00edfico con unos vastos conocimientos sobre todo lo que hemos hablado antes que cabe dentro de la \u00abcultura general\u00bb.<\/p>\n\n\n\n<h3 class=\"wp-block-heading\" style=\"text-align:right\">\u00abDaniel Torregrosa es el m\u00e1ximo exponente de que la dicotom\u00eda Letras\/Ciencias es perversa y, sobre todo, equivocada\u00bb<\/h3>\n\n\n\n<p style=\"font-size:17px\">Y, como divulgador cient\u00edfico, ha publicado un libro indispensable: <em><a rel=\"noreferrer noopener\" aria-label=\"Del mito al laboratorio, (abre en una nueva pesta\u00f1a)\" href=\"http:\/\/www.edicionescalamo.es\/libro\/del-mito-al-laboratorio\/\" target=\"_blank\">Del mito al laboratorio,<\/a><\/em> que ya va por su tercera edici\u00f3n. Se trata de un libro delicioso que aborda algunos mitos cl\u00e1sicos y explica sus extensiones en el campo de la ciencia en forma de planetas, elementos de la tabla peri\u00f3dica, etc., etc. Los mitos, que nacieron como elementos cosmog\u00f3nicos y teog\u00f3nicos para intentar dar respuesta a las grandes preguntas del ser humano (luego fil\u00f3sofos \u00abpresocr\u00e1ticos\u00bb como Tales, Anaximandro, Anax\u00edmenes, Dem\u00f3crito&#8230; dieron el gran paso con fundamentos m\u00e1s s\u00f3lidos y explicaciones m\u00e1s elaboradas), tienen en este libro la conexi\u00f3n ideal con la ciencia y todas sus derivaciones.<\/p>\n\n\n\n<p style=\"font-size:17px\">El libro no solamente es interesante por esta conexi\u00f3n, sino por la inteligencia de su planteamiento y, algo que tiene un especial valor en su lectura, por el gran af\u00e1n did\u00e1ctico que posee. Se nota, adem\u00e1s, algo que, desde un punto de vista personal, aprecio much\u00edsimo: especialmente en algunos de los cap\u00edtulos (me viene a la memoria, por ejemplo, \u00abPerseo\u00bb), la \u00abnarraci\u00f3n\u00bb del mito se realiza con una delicadeza y un inter\u00e9s que va m\u00e1s all\u00e1 del esquema \u00abCuento-el-mito-lo-asocio-con-algo-cient\u00edfico-y-ya\u00bb. La obra, por lo tanto, no es importante solo por lo que cuenta, sino por la atenci\u00f3n dedicada a la forma, que recrea el mito y lo vincula de forma muy atinada.<\/p>\n\n\n\n<h3 class=\"wp-block-heading\" style=\"text-align:right\">\u00abEl libro no solamente es interesante por esta conexi\u00f3n, sino por la inteligencia de su planteamiento y, algo que tiene un especial valor en su lectura, por el gran af\u00e1n did\u00e1ctico que posee\u00bb<\/h3>\n\n\n\n<p style=\"font-size:17px\">El otro d\u00eda, en Twitter, ya vimos algunas aplicaciones pr\u00e1cticas que puede tener el libro en el campo de la ense\u00f1anza: <\/p>\n\n\n\n<figure class=\"wp-block-embed-twitter wp-block-embed is-type-rich is-provider-twitter\"><div class=\"wp-block-embed__wrapper\">\n<blockquote class=\"twitter-tweet\" data-width=\"550\" data-dnt=\"true\"><p lang=\"es\" dir=\"ltr\">He comprado el libro para la biblio del insti. Me he puesto de acuerdo con la profesora de lat\u00edn para que el alumnado de lat\u00edn y fisica y qu\u00edmica hagan un trabajo por parejas (uno de cada grupo) sobre alg\u00fan tema del libro. Lo tendr\u00e1n que exponer en clase. <a href=\"https:\/\/twitter.com\/DaniEPAP?ref_src=twsrc%5Etfw\">@DaniEPAP<\/a> <a href=\"https:\/\/t.co\/4IdJKEMyKU\">pic.twitter.com\/4IdJKEMyKU<\/a><\/p>&mdash; Lorenzo Hern\u00e1ndez. (@CienciaOnline) <a href=\"https:\/\/twitter.com\/CienciaOnline\/status\/1191674495825776640?ref_src=twsrc%5Etfw\">November 5, 2019<\/a><\/blockquote><script async src=\"https:\/\/platform.twitter.com\/widgets.js\" charset=\"utf-8\"><\/script>\n<\/div><\/figure>\n\n\n\n<p style=\"font-size:17px\">Iniciativas como esta, llevadas a cabo por libros como este, har\u00e1n que los alumnos (todos los lectores, en general) no vean las cosas como de \u00abCiencias\u00bb o de \u00abLetras\u00bb, sino conectadas. Porque el conocimiento, la cultura general es algo mucho m\u00e1s importante que \u00ablas Letras, las Ciencias\u00bb.<\/p>\n\n\n\n<p style=\"font-size:17px\">En definitiva: si quer\u00e9is pasar un buen rato y aprender conciliando campos muy distintos, ten\u00e9is que leer este libro&#8230; ya.<\/p>\n","protected":false},"excerpt":{"rendered":"<p>Siempre me han molestado profundamente las personas que se definen como de \u00abLetras\u00bb o de \u00abCiencias\u00bb. Que no se me entienda mal: creo que lo que (me) ocurre es no tengo nada en contra ni de las Letras ni de las Ciencias y compruebo que hay muchas personas que se declaran incondicionales de uno u &#8230; <a title=\"Cultura general, ciencias y letras. Del mito al laboratorio\" class=\"read-more\" href=\"https:\/\/www.urbinavolant.com\/verbavolant\/index.php\/2019\/11\/07\/cultura-general-ciencias-y-letras-del-mito-al-laboratorio\/\" aria-label=\"Leer m\u00e1s sobre Cultura general, ciencias y letras. Del mito al laboratorio\">Leer m\u00e1s<\/a><\/p>\n","protected":false},"author":1,"featured_media":0,"comment_status":"open","ping_status":"open","sticky":false,"template":"","format":"standard","meta":{"_monsterinsights_skip_tracking":false,"_monsterinsights_sitenote_active":false,"_monsterinsights_sitenote_note":"","_monsterinsights_sitenote_category":0,"_kadence_starter_templates_imported_post":false,"jetpack_post_was_ever_published":false,"_jetpack_newsletter_access":"","_jetpack_dont_email_post_to_subs":false,"_jetpack_newsletter_tier_id":0,"_jetpack_memberships_contains_paywalled_content":false,"_jetpack_memberships_contains_paid_content":false,"footnotes":"","jetpack_publicize_message":"Cultura general, ciencias y letras. 'Del mito al laboratorio'","jetpack_publicize_feature_enabled":true,"jetpack_social_post_already_shared":true,"jetpack_social_options":{"image_generator_settings":{"template":"highway","default_image_id":0,"font":"","enabled":false},"version":2}},"categories":[74,44,86],"tags":[],"class_list":["post-7208","post","type-post","status-publish","format-standard","hentry","category-ciencias-y-letras","category-comparaciones","category-cultura"],"jetpack_publicize_connections":[],"jetpack_featured_media_url":"","jetpack_shortlink":"https:\/\/wp.me\/pLsVN-1Sg","jetpack_sharing_enabled":true,"_links":{"self":[{"href":"https:\/\/www.urbinavolant.com\/verbavolant\/index.php\/wp-json\/wp\/v2\/posts\/7208","targetHints":{"allow":["GET"]}}],"collection":[{"href":"https:\/\/www.urbinavolant.com\/verbavolant\/index.php\/wp-json\/wp\/v2\/posts"}],"about":[{"href":"https:\/\/www.urbinavolant.com\/verbavolant\/index.php\/wp-json\/wp\/v2\/types\/post"}],"author":[{"embeddable":true,"href":"https:\/\/www.urbinavolant.com\/verbavolant\/index.php\/wp-json\/wp\/v2\/users\/1"}],"replies":[{"embeddable":true,"href":"https:\/\/www.urbinavolant.com\/verbavolant\/index.php\/wp-json\/wp\/v2\/comments?post=7208"}],"version-history":[{"count":0,"href":"https:\/\/www.urbinavolant.com\/verbavolant\/index.php\/wp-json\/wp\/v2\/posts\/7208\/revisions"}],"wp:attachment":[{"href":"https:\/\/www.urbinavolant.com\/verbavolant\/index.php\/wp-json\/wp\/v2\/media?parent=7208"}],"wp:term":[{"taxonomy":"category","embeddable":true,"href":"https:\/\/www.urbinavolant.com\/verbavolant\/index.php\/wp-json\/wp\/v2\/categories?post=7208"},{"taxonomy":"post_tag","embeddable":true,"href":"https:\/\/www.urbinavolant.com\/verbavolant\/index.php\/wp-json\/wp\/v2\/tags?post=7208"}],"curies":[{"name":"wp","href":"https:\/\/api.w.org\/{rel}","templated":true}]}}