{"id":7291,"date":"2020-01-13T19:21:44","date_gmt":"2020-01-13T18:21:44","guid":{"rendered":"https:\/\/www.urbinavolant.com\/verbavolant\/?p=7291"},"modified":"2020-01-13T19:21:53","modified_gmt":"2020-01-13T18:21:53","slug":"ya-no-podemos-hacer-las-cosas-con-calma","status":"publish","type":"post","link":"https:\/\/www.urbinavolant.com\/verbavolant\/index.php\/2020\/01\/13\/ya-no-podemos-hacer-las-cosas-con-calma\/","title":{"rendered":"Ya no podemos hacer las cosas con calma"},"content":{"rendered":"\n<div class=\"wp-block-image\"><figure class=\"aligncenter size-large\"><a href=\"https:\/\/flic.kr\/p\/29qDrUk\" target=\"_blank\" rel=\"noreferrer noopener\"><img data-recalc-dims=\"1\" loading=\"lazy\" decoding=\"async\" width=\"640\" height=\"451\" src=\"https:\/\/i0.wp.com\/www.urbinavolant.com\/verbavolant\/wp-content\/uploads\/2020\/01\/43598448871_69f1e584be_o.jpg?resize=640%2C451&#038;ssl=1\" alt=\"\" class=\"wp-image-7292\" srcset=\"https:\/\/i0.wp.com\/www.urbinavolant.com\/verbavolant\/wp-content\/uploads\/2020\/01\/43598448871_69f1e584be_o.jpg?w=640&amp;ssl=1 640w, https:\/\/i0.wp.com\/www.urbinavolant.com\/verbavolant\/wp-content\/uploads\/2020\/01\/43598448871_69f1e584be_o.jpg?resize=300%2C211&amp;ssl=1 300w\" sizes=\"auto, (max-width: 640px) 100vw, 640px\" \/><\/a><\/figure><\/div>\n\n\n\n<p style=\"font-size:17px\">La calma ha desaparecido de nuestra vida. No existe \u2014ya\u2014 en el ritmo diario, en el hogar, en la lectura. Qu\u00e9 bellos esos momentos en los que se le\u00eda despacio por placer. Qu\u00e9 necesarios esos momentos en los que deten\u00edas la lectura y pensabas e ibas m\u00e1s all\u00e1. Y gozabas.<\/p>\n\n\n\n<p style=\"font-size:17px\">La calma ha desaparecido y no queda, por supuesto, ning\u00fan resquicio para hacer las cosas bien y coserlas despacio en nuestro ritmo de trabajo cotidiano. Nos hemos convertido en m\u00e1quinas de hacer cosas sin buscar apenas su sentido, con esa prisa necesaria para el corto plazo que no depara ning\u00fan beneficio a la larga si no es el utilitario. Nos vemos impelidos a hacer y hacer, de manera brusca e inminente, sin que tengamos tiempo para tomar aliento, para respirar. Para destilar lo necesario de lo accesorio. \u00bfD\u00f3nde queda el momento de un profesor \u2014por ejemplo\u2014 para reflexionar, para darle un par de vueltas a un concepto, a una idea, a una frase?<\/p>\n\n\n\n<p style=\"font-size:17px\"><span style=\"color:#9b51e0\" class=\"tadv-color\">La puta prisa nos est\u00e1 matando. Y lamentaremos que no nos hayan dado oportunidad para la calma cuando, en medio de la tormenta, busquemos una orilla.<\/span><\/p>\n\n\n\n<p>Imagen de <a rel=\"noreferrer noopener\" aria-label=\"Teresa Vicente Lloro (se abre en una nueva pesta\u00f1a)\" href=\"https:\/\/flic.kr\/p\/29qDrUk\" target=\"_blank\">Teresa Vicente Illoro<\/a>.<\/p>\n","protected":false},"excerpt":{"rendered":"<p>La calma ha desaparecido de nuestra vida. No existe \u2014ya\u2014 en el ritmo diario, en el hogar, en la lectura. Qu\u00e9 bellos esos momentos en los que se le\u00eda despacio por placer. Qu\u00e9 necesarios esos momentos en los que deten\u00edas la lectura y pensabas e ibas m\u00e1s all\u00e1. Y gozabas. La calma ha desaparecido y &#8230; <a title=\"Ya no podemos hacer las cosas con calma\" class=\"read-more\" href=\"https:\/\/www.urbinavolant.com\/verbavolant\/index.php\/2020\/01\/13\/ya-no-podemos-hacer-las-cosas-con-calma\/\" aria-label=\"Leer m\u00e1s sobre Ya no podemos hacer las cosas con calma\">Leer m\u00e1s<\/a><\/p>\n","protected":false},"author":1,"featured_media":0,"comment_status":"open","ping_status":"open","sticky":false,"template":"","format":"standard","meta":{"_monsterinsights_skip_tracking":false,"_monsterinsights_sitenote_active":false,"_monsterinsights_sitenote_note":"","_monsterinsights_sitenote_category":0,"_kadence_starter_templates_imported_post":false,"jetpack_post_was_ever_published":false,"_jetpack_newsletter_access":"","_jetpack_dont_email_post_to_subs":false,"_jetpack_newsletter_tier_id":0,"_jetpack_memberships_contains_paywalled_content":false,"_jetpack_memberships_contains_paid_content":false,"footnotes":"","jetpack_publicize_message":"Ya no podemos hacer las cosas con calma.\nLamentaremos que no nos hayan dado oportunidad para la calma","jetpack_publicize_feature_enabled":true,"jetpack_social_post_already_shared":true,"jetpack_social_options":{"image_generator_settings":{"template":"highway","default_image_id":0,"font":"","enabled":false},"version":2}},"categories":[72,61],"tags":[],"class_list":["post-7291","post","type-post","status-publish","format-standard","hentry","category-contrastes","category-laberintos"],"jetpack_publicize_connections":[],"jetpack_featured_media_url":"","jetpack_shortlink":"https:\/\/wp.me\/pLsVN-1TB","jetpack_sharing_enabled":true,"_links":{"self":[{"href":"https:\/\/www.urbinavolant.com\/verbavolant\/index.php\/wp-json\/wp\/v2\/posts\/7291","targetHints":{"allow":["GET"]}}],"collection":[{"href":"https:\/\/www.urbinavolant.com\/verbavolant\/index.php\/wp-json\/wp\/v2\/posts"}],"about":[{"href":"https:\/\/www.urbinavolant.com\/verbavolant\/index.php\/wp-json\/wp\/v2\/types\/post"}],"author":[{"embeddable":true,"href":"https:\/\/www.urbinavolant.com\/verbavolant\/index.php\/wp-json\/wp\/v2\/users\/1"}],"replies":[{"embeddable":true,"href":"https:\/\/www.urbinavolant.com\/verbavolant\/index.php\/wp-json\/wp\/v2\/comments?post=7291"}],"version-history":[{"count":0,"href":"https:\/\/www.urbinavolant.com\/verbavolant\/index.php\/wp-json\/wp\/v2\/posts\/7291\/revisions"}],"wp:attachment":[{"href":"https:\/\/www.urbinavolant.com\/verbavolant\/index.php\/wp-json\/wp\/v2\/media?parent=7291"}],"wp:term":[{"taxonomy":"category","embeddable":true,"href":"https:\/\/www.urbinavolant.com\/verbavolant\/index.php\/wp-json\/wp\/v2\/categories?post=7291"},{"taxonomy":"post_tag","embeddable":true,"href":"https:\/\/www.urbinavolant.com\/verbavolant\/index.php\/wp-json\/wp\/v2\/tags?post=7291"}],"curies":[{"name":"wp","href":"https:\/\/api.w.org\/{rel}","templated":true}]}}