{"id":7327,"date":"2020-01-23T20:10:57","date_gmt":"2020-01-23T19:10:57","guid":{"rendered":"https:\/\/www.urbinavolant.com\/verbavolant\/?p=7327"},"modified":"2020-01-23T20:11:04","modified_gmt":"2020-01-23T19:11:04","slug":"un-idiota-una-arbitra-guapa-y-cinco-me-gusta","status":"publish","type":"post","link":"https:\/\/www.urbinavolant.com\/verbavolant\/index.php\/2020\/01\/23\/un-idiota-una-arbitra-guapa-y-cinco-me-gusta\/","title":{"rendered":"Un idiota, una \u00e1rbitra guapa y cinco \u00abme gusta\u00bb"},"content":{"rendered":"\n<div class=\"wp-block-image\"><figure class=\"aligncenter size-large\"><a href=\"https:\/\/flic.kr\/p\/7BcfVH\" target=\"_blank\" rel=\"noreferrer noopener\"><img loading=\"lazy\" decoding=\"async\" width=\"800\" height=\"513\" src=\"https:\/\/www.urbinavolant.com\/verbavolant\/wp-content\/uploads\/2020\/01\/4336414411_6a27e01cc7_c.jpg\" alt=\"\" class=\"wp-image-7328\" srcset=\"https:\/\/www.urbinavolant.com\/verbavolant\/wp-content\/uploads\/2020\/01\/4336414411_6a27e01cc7_c.jpg 800w, https:\/\/www.urbinavolant.com\/verbavolant\/wp-content\/uploads\/2020\/01\/4336414411_6a27e01cc7_c-300x192.jpg 300w, https:\/\/www.urbinavolant.com\/verbavolant\/wp-content\/uploads\/2020\/01\/4336414411_6a27e01cc7_c-768x492.jpg 768w\" sizes=\"auto, (max-width: 800px) 100vw, 800px\" \/><\/a><\/figure><\/div>\n\n\n\n<p class=\"wp-block-paragraph\" style=\"font-size:17px\">Hoy quiero contar de forma r\u00e1pida un conjunto de cosas que me han pasado a lo largo de la semana. <\/p>\n\n\n\n<p class=\"wp-block-paragraph\" style=\"font-size:17px\">La primera tiene que ver con una \u00e1rbitra. Estaba viendo un partido del Autocid en la LEB Plata y se daba la circunstancia, afortunadamente nada extra\u00f1a ya, de que los \u00e1rbitros fueran dos, como siempre en esa liga, chico y chica. Es una cosa en la que ni siquiera reparo porque no tiene nada que ver con el juego. En todo caso, las primeras veces que ocurr\u00eda me alegraba pensando que ya era hora de que arbitrasen mujeres en las ligas masculinas. <\/p>\n\n\n\n<p class=\"wp-block-paragraph\" style=\"font-size:17px\">El caso es que el partido estaba todav\u00eda en los proleg\u00f3menos del calentamiento y un individuo que ten\u00eda delante dec\u00eda a su amigo de al lado con voz bien alta lo guapa que era la \u00e1rbitra. Cada uno puede pensar lo que quiera sobre el aspecto f\u00edsico de las personas que est\u00e1n a la vista y valorar su edad, su estatura, su cabellera o sus orejas. Incluso puede comentarlo a quien quiera, faltar\u00eda m\u00e1s, siempre que sea una conversaci\u00f3n privada entre personas que quieren hablar de lo que les salga de las narices. Pero el tipo, al que llamaremos ya directamente el idiota, lo dijo con una voz rasgada y un volumen que no ven\u00eda a cuento. <\/p>\n\n\n\n<p class=\"wp-block-paragraph\" style=\"font-size:17px\">Todos los idiotas, al parecer, est\u00e1n encantados de reconocerse como tales porque lo de la \u00e1rbitra guapa lo sac\u00f3 a relucir alguna vez m\u00e1s. Lo aut\u00e9nticamente vomitivo aconteci\u00f3 cuando lo grit\u00f3 un par de veces en voz alta a lo largo del partido para que ella lo oyera. Los \u00e1rbitros est\u00e1n acostumbrados a todo menos a que les llamen guapos. Pero est\u00e1 claro que aqu\u00ed nadie ten\u00eda por qu\u00e9 alegrarse de las ocurrencias de un tipo que tendr\u00eda que callarse o ser m\u00e1s educado o yo qu\u00e9 s\u00e9. Pero es demasiado pedirle estas cosas a un idiota.<\/p>\n\n\n\n<p class=\"wp-block-paragraph\" style=\"font-size:17px\">La segunda tiene que ver con Twitter. La polic\u00eda municipal escrib\u00eda un tuit contando el altercado ocurrido entre unos corredores y un ciclista. Este \u00faltimo debi\u00f3 sacar el candado a pasear por la cabeza de alguno de los corredores y se arm\u00f3 la de dios es cristo. Resulta que la polic\u00eda, en una frase posterior hablaba de \u00abel conductor\u00bb. Yo les dije que el tuit no quedaba claro y ellos me respondieron que el que conduce era conductor, cosa obvia que todo el mundo sabe. Y yo les dije que, pese a ello, si dicen ciclista la cosa est\u00e1 m\u00e1s clara. Porque si yo cuento que \u00abUn ni\u00f1o de siete que iba en bicicleta con su madre tuvo un problema por el carril bici. Una anciana iba a cruzar y el conductor no respet\u00f3 un paso de peatones\u00bb la cosa no queda clara. Sin embargo, hubo cinco personas que le dieron un me gusta a la contestaci\u00f3n de la polic\u00eda sobre el concepto de conductor. Un listo incluso me dijo que me hab\u00edan dado un rasca en toda la boca. Y yo me qued\u00e9 pensando profundamente en esos cinco \u00abme gusta\u00bb y me daba p\u00e1nico la manera que tienen algunos de entender el mundo.<\/p>\n\n\n\n<p class=\"wp-block-paragraph\" style=\"font-size:17px\">En resumen, al menos cohabitan en este mundo un idiota y cinco personas de pensamiento leve en este mundo. O, al menos, eso he podido descubrir a lo largo de esta semana. A algunos les parecer\u00e1 poco, claro, aunque lo de la \u00e1rbitra \u00abguapa\u00bb no sea algo menor. Eso es que no han vivido la historia que ha ocurrido hoy en mi despacho durante cuarenta minutos interminables. Una  historia que no contar\u00e9 porque no tengo palabras.<\/p>\n\n\n\n<p class=\"wp-block-paragraph\">La imagen es de <a href=\"https:\/\/flic.kr\/p\/7BcfVH\" target=\"_blank\" rel=\"noreferrer noopener\" aria-label=\"Olle Svensson (se abre en una nueva pesta\u00f1a)\">Olle Svensson<\/a>.<\/p>\n","protected":false},"excerpt":{"rendered":"<p>Hoy quiero contar de forma r\u00e1pida un conjunto de cosas que me han pasado a lo largo de la semana. La primera tiene que ver con una \u00e1rbitra. Estaba viendo un partido del Autocid en la LEB Plata y se daba la circunstancia, afortunadamente nada extra\u00f1a ya, de que los \u00e1rbitros fueran dos, como siempre &#8230; <a title=\"Un idiota, una \u00e1rbitra guapa y cinco \u00abme gusta\u00bb\" class=\"read-more\" href=\"https:\/\/www.urbinavolant.com\/verbavolant\/index.php\/2020\/01\/23\/un-idiota-una-arbitra-guapa-y-cinco-me-gusta\/\" aria-label=\"Leer m\u00e1s sobre Un idiota, una \u00e1rbitra guapa y cinco \u00abme gusta\u00bb\">Leer m\u00e1s<\/a><\/p>\n","protected":false},"author":1,"featured_media":0,"comment_status":"open","ping_status":"open","sticky":false,"template":"","format":"standard","meta":{"_monsterinsights_skip_tracking":false,"_kadence_starter_templates_imported_post":false,"footnotes":""},"categories":[72],"tags":[],"class_list":["post-7327","post","type-post","status-publish","format-standard","hentry","category-contrastes"],"_links":{"self":[{"href":"https:\/\/www.urbinavolant.com\/verbavolant\/index.php\/wp-json\/wp\/v2\/posts\/7327","targetHints":{"allow":["GET"]}}],"collection":[{"href":"https:\/\/www.urbinavolant.com\/verbavolant\/index.php\/wp-json\/wp\/v2\/posts"}],"about":[{"href":"https:\/\/www.urbinavolant.com\/verbavolant\/index.php\/wp-json\/wp\/v2\/types\/post"}],"author":[{"embeddable":true,"href":"https:\/\/www.urbinavolant.com\/verbavolant\/index.php\/wp-json\/wp\/v2\/users\/1"}],"replies":[{"embeddable":true,"href":"https:\/\/www.urbinavolant.com\/verbavolant\/index.php\/wp-json\/wp\/v2\/comments?post=7327"}],"version-history":[{"count":0,"href":"https:\/\/www.urbinavolant.com\/verbavolant\/index.php\/wp-json\/wp\/v2\/posts\/7327\/revisions"}],"wp:attachment":[{"href":"https:\/\/www.urbinavolant.com\/verbavolant\/index.php\/wp-json\/wp\/v2\/media?parent=7327"}],"wp:term":[{"taxonomy":"category","embeddable":true,"href":"https:\/\/www.urbinavolant.com\/verbavolant\/index.php\/wp-json\/wp\/v2\/categories?post=7327"},{"taxonomy":"post_tag","embeddable":true,"href":"https:\/\/www.urbinavolant.com\/verbavolant\/index.php\/wp-json\/wp\/v2\/tags?post=7327"}],"curies":[{"name":"wp","href":"https:\/\/api.w.org\/{rel}","templated":true}]}}