{"id":7556,"date":"2020-12-20T19:08:11","date_gmt":"2020-12-20T18:08:11","guid":{"rendered":"https:\/\/www.urbinavolant.com\/verbavolant\/?p=7556"},"modified":"2020-12-20T19:17:21","modified_gmt":"2020-12-20T18:17:21","slug":"un-ayer-inmejorable-con-angel-gonzalez","status":"publish","type":"post","link":"https:\/\/www.urbinavolant.com\/verbavolant\/index.php\/2020\/12\/20\/un-ayer-inmejorable-con-angel-gonzalez\/","title":{"rendered":"Un ayer inmejorable con \u00c1ngel Gonz\u00e1lez"},"content":{"rendered":"\n<figure class=\"wp-block-image size-large\"><img data-recalc-dims=\"1\" loading=\"lazy\" decoding=\"async\" width=\"1024\" height=\"765\" src=\"https:\/\/i0.wp.com\/www.urbinavolant.com\/verbavolant\/wp-content\/uploads\/2020\/12\/Captura-de-pantalla-2020-12-20-a-las-19.09.55.png?resize=1024%2C765&#038;ssl=1\" alt=\"\" class=\"wp-image-7564\" srcset=\"https:\/\/i0.wp.com\/www.urbinavolant.com\/verbavolant\/wp-content\/uploads\/2020\/12\/Captura-de-pantalla-2020-12-20-a-las-19.09.55.png?resize=1024%2C765&amp;ssl=1 1024w, https:\/\/i0.wp.com\/www.urbinavolant.com\/verbavolant\/wp-content\/uploads\/2020\/12\/Captura-de-pantalla-2020-12-20-a-las-19.09.55.png?resize=300%2C224&amp;ssl=1 300w, https:\/\/i0.wp.com\/www.urbinavolant.com\/verbavolant\/wp-content\/uploads\/2020\/12\/Captura-de-pantalla-2020-12-20-a-las-19.09.55.png?resize=768%2C574&amp;ssl=1 768w, https:\/\/i0.wp.com\/www.urbinavolant.com\/verbavolant\/wp-content\/uploads\/2020\/12\/Captura-de-pantalla-2020-12-20-a-las-19.09.55.png?w=1104&amp;ssl=1 1104w\" sizes=\"auto, (max-width: 1024px) 100vw, 1024px\" \/><\/figure>\n\n\n\n<p class=\"has-vivid-purple-color has-text-color\">Os voy a hablar de un d\u00eda inmejorable, pero necesito, antes, un poco de contexto.<\/p>\n\n\n\n<h3 class=\"has-vivid-purple-color has-text-color wp-block-heading\">El pr\u00f3logo<\/h3>\n\n\n\n<p style=\"font-size:17px\">Si estuviera ante la angustiosa \u2014imposible\u2014 necesidad de elegir a un poeta preferido, escoger\u00eda a \u00c1ngel Gonz\u00e1lez. Lo descubr\u00ed, en esas casualidades maravillosas que nos ofrece la fortuna, ojeando una antolog\u00eda. Abr\u00ed el libro por una p\u00e1gina cualquiera y empec\u00e9 a leer eso de:<\/p>\n\n\n\n<p class=\"has-normal-font-size\" id=\"block-47fe4baa-8fa4-4071-a143-8208bdbac2ff\">Ayer fue mi\u00e9rcoles toda la ma\u00f1ana.<br \/>Por la tarde cambi\u00f3:<br \/>se puso casi lunes,<br \/>la tristeza invadi\u00f3 los corazones<br \/>&#8230;.<\/p>\n\n\n\n<p style=\"font-size:17px\">Y mi vida cambi\u00f3 para siempre. Pas\u00e9 de un poema a otro, me compr\u00e9 la antolog\u00eda de C\u00e1tedra de sus poemas y llegu\u00e9 casi de inmediato a <em>Palabra sobre palabra<\/em>. Tengo un ejemplar firmado \u00abA mi amigo Ra\u00fal\u00bb, que es uno de mis tesoros m\u00e1s queridos, y vuelvo a \u00e9l siempre porque, para m\u00ed, \u00c1ngel no desaparece nunca.<\/p>\n\n\n\n<h3 class=\"has-vivid-purple-color has-text-color wp-block-heading\">Un amanecer desde lo alto<\/h3>\n\n\n\n<p style=\"font-size:17px\">Como ya he dicho <a href=\"https:\/\/www.urbinavolant.com\/verbavolant\/index.php\/2020\/11\/29\/los-momentos-en-los-que-soy-perfecto\/\" target=\"_blank\" rel=\"noreferrer noopener\">hace poco<\/a>, corro desde el amanecer para alcanzar muy pronto a las alturas bellas de mi ciudad. Y el viernes toc\u00f3 llegar hasta el Castillo. Atravieso el puente Bess\u00f3n y, por la calle Barrantes, y, ya siempre en cuesta, llego hasta el arco de Fern\u00e1n Gonz\u00e1lez para empezar el tramo m\u00e1s duro. Hay unas escaleritas muy cortas y al lado una rampa. Elijo la rampa sabiendo que necesitar\u00e9 de todos los impulsos. Luego arribo a un tramo de tierra en el que la cuesta viene marcada por unos troncos atravesados. Si das la zancada de uno en uno, te quedas corto. Si das la zancada de dos en dos, sabes que tienes que sufrir las consecuencias. Escojo la segunda opci\u00f3n. Apenas unos metros de falso alivio hasta alcanzar el final. Un kil\u00f3metro clavado desde mi casa.<\/p>\n\n\n\n<p style=\"font-size:17px\">Entre todas las inmensas posibilidades, me encamino hacia el Mirador, que ofrece una visi\u00f3n tan maravillosa de la ciudad que me obligo a pararme mucho m\u00e1s por la necesidad de belleza que por la necesidad de descansar.<\/p>\n\n\n\n<h3 class=\"has-vivid-purple-color has-text-color wp-block-heading\">El Mirador no son las alturas de Vetusta ni la Riesenrad de Viena<\/h3>\n\n\n\n<p style=\"font-size:17px\">Cuando llego hasta el Mirador para contemplar la belleza de la ciudad, no puedo evitar acordarme de don Ferm\u00edn de Pas, que sube a las alturas de Vetusta para contemplar con ansia depredadora todos los rincones de la ciudad. Tampoco puedo olvidarme de la noria de Viena y de Orson Welles como ese Harry Lime que contempla a los dem\u00e1s como insectos prescindibles. En mi caso, contemplar las alturas supone esa visi\u00f3n de conjunto que se desglosa despu\u00e9s a trav\u00e9s de los d\u00edas, los meses, los a\u00f1os que he vivido en Burgos. Me sirve para hacerme part\u00edcipe, en su peque\u00f1ez, de una ciudad que suelo recorrer a tama\u00f1o real todos los d\u00edas sin apreciar los detalles del conjunto. <\/p>\n\n\n\n<h3 class=\"has-vivid-purple-color has-text-color wp-block-heading\">Bajando para vivir<\/h3>\n\n\n\n<p style=\"font-size:17px\">Subir es bajar, inevitablemente. Y bajo enredado por todas las callejuelas, todos los enredos y todos los misterios de una ciudad que despierta. Y enfilo el paseo de La Isla para hacer un largo esp\u00edn de m\u00e1s de cuatrocientos metros de iba. Rodeo el \u00e1rbol que, al final del paseo, est\u00e1 cerca del puente Malatos. Y hago una larga serie en progresi\u00f3n hasta volver a la rutina.<\/p>\n\n\n\n<h3 class=\"has-vivid-purple-color has-text-color wp-block-heading\">Disfrutar con gente grande<\/h3>\n\n\n\n<p style=\"font-size:17px\">Por la tarde, tengo la suerte de ir a ver un partido de baloncesto despu\u00e9s de meses y meses contemplando el deporte de mis amores por la televisi\u00f3n. Me acuerdo de todas las horas de entrenamiento que hice all\u00ed en ese lugar hace tantos a\u00f1os. De muchos de los tiros que fall\u00e9, de alg\u00fan lanzamiento importante que anot\u00e9. Mientras ve\u00eda a esos gigantes, me acordaba de c\u00f3mo fui inici\u00e1ndome en este deporte de gente grande siendo yo peque\u00f1o, de c\u00f3mo tuve que aprender a defender y a defenderme, de c\u00f3mo tuve que cambiar de cometido y de funci\u00f3n.<\/p>\n\n\n\n<p style=\"font-size:17px\">Muy pronto me empec\u00e9 a olvidar de m\u00ed porque el partido fue creciendo junto con esos gigantes de hoy y, despu\u00e9s de unas cuantas dolorosas derrotas, lograron llegar al final y pelear y creer en que era posible. Y vencer. Me fui a casa con el intermedio de una ca\u00f1a y una raci\u00f3n de calamares.<\/p>\n\n\n\n<h3 class=\"has-vivid-purple-color has-text-color wp-block-heading\">Rompi\u00e9ndome los t\u00edmpanos con el techno<\/h3>\n\n\n\n<p style=\"font-size:17px\">Llegu\u00e9 a casa, me puse los auriculares para acabar el d\u00eda con m\u00fasica techno. \u00abTechno Prank\u00bb de Dubdogz.Ou\u00e7a, \u00abFreaks\u00bb de MC Dj K. Y \u00abScream Shout\u00bb de will.i.am &amp; Britney Spears. Subo el volumen hasta que, con el orden r\u00edtmico, se ordenan, las ideas, y se mezclan y se reordenan. Y repito con otra versi\u00f3n de \u00abScream Shout\u00bb, para percibir cada impulso, cada palabra.<\/p>\n\n\n\n<h3 class=\"has-vivid-purple-color has-text-color wp-block-heading\">Noche y braquicardia. Ayer y \u00c1ngel Gonz\u00e1lez<\/h3>\n\n\n\n<p style=\"font-size:17px\">Da igual qu\u00e9 d\u00eda sea. Cuando avanza la noche y ya todo es ayer, mi coraz\u00f3n entra en reposo. Durante bastantes minutos, entro en esta braquicardia que procede de ser deportista de fondo. El coraz\u00f3n ronda las 36 o 38 pulsaciones pase lo que pase.<\/p>\n\n\n\n<p style=\"font-size:17px\">Y, al despertar, me acuerdo de ayer. Era s\u00e1bado, pero me ocurre todos los d\u00edas de mi vida. Y me mimetizo con el poema:<\/p>\n\n\n\n<p class=\"has-normal-font-size\" id=\"block-47fe4baa-8fa4-4071-a143-8208bdbac2ff\">Por eso mismo,<br \/>porque es como os digo<br \/>dejadme que os hable<br \/>de ayer, una vez m\u00e1s<br \/>de ayer: el d\u00eda<br \/>incomparable que ya nadie nunca<br \/>volver\u00e1 a ver jam\u00e1s sobre la tierra.<\/p>\n\n\n\n<p style=\"font-size:17px\">As\u00ed, siempre es ayer. La fotograf\u00eda refleja ese momento sublime en el Mirador del Castillo.<\/p>\n","protected":false},"excerpt":{"rendered":"<p>Os voy a hablar de un d\u00eda inmejorable, pero necesito, antes, un poco de contexto. El pr\u00f3logo Si estuviera ante la angustiosa \u2014imposible\u2014 necesidad de elegir a un poeta preferido, escoger\u00eda a \u00c1ngel Gonz\u00e1lez. Lo descubr\u00ed, en esas casualidades maravillosas que nos ofrece la fortuna, ojeando una antolog\u00eda. Abr\u00ed el libro por una p\u00e1gina cualquiera &#8230; <a title=\"Un ayer inmejorable con \u00c1ngel Gonz\u00e1lez\" class=\"read-more\" href=\"https:\/\/www.urbinavolant.com\/verbavolant\/index.php\/2020\/12\/20\/un-ayer-inmejorable-con-angel-gonzalez\/\" aria-label=\"Leer m\u00e1s sobre Un ayer inmejorable con \u00c1ngel Gonz\u00e1lez\">Leer m\u00e1s<\/a><\/p>\n","protected":false},"author":1,"featured_media":0,"comment_status":"open","ping_status":"open","sticky":false,"template":"","format":"standard","meta":{"_monsterinsights_skip_tracking":false,"_monsterinsights_sitenote_active":false,"_monsterinsights_sitenote_note":"","_monsterinsights_sitenote_category":0,"_kadence_starter_templates_imported_post":false,"jetpack_post_was_ever_published":false,"_jetpack_newsletter_access":"","_jetpack_dont_email_post_to_subs":false,"_jetpack_newsletter_tier_id":0,"_jetpack_memberships_contains_paywalled_content":false,"_jetpack_memberships_contains_paid_content":false,"footnotes":"","jetpack_publicize_message":"Un ayer inmejorable con \u00c1ngel Gonz\u00e1lez, hablando de ciudades desde lo alto, de m\u00fasica techno y de braquicardias.","jetpack_publicize_feature_enabled":true,"jetpack_social_post_already_shared":true,"jetpack_social_options":{"image_generator_settings":{"template":"highway","default_image_id":0,"font":"","enabled":false},"version":2}},"categories":[44,72,65],"tags":[],"class_list":["post-7556","post","type-post","status-publish","format-standard","hentry","category-comparaciones","category-contrastes","category-sentido"],"jetpack_publicize_connections":[],"jetpack_featured_media_url":"","jetpack_shortlink":"https:\/\/wp.me\/pLsVN-1XS","jetpack_sharing_enabled":true,"_links":{"self":[{"href":"https:\/\/www.urbinavolant.com\/verbavolant\/index.php\/wp-json\/wp\/v2\/posts\/7556","targetHints":{"allow":["GET"]}}],"collection":[{"href":"https:\/\/www.urbinavolant.com\/verbavolant\/index.php\/wp-json\/wp\/v2\/posts"}],"about":[{"href":"https:\/\/www.urbinavolant.com\/verbavolant\/index.php\/wp-json\/wp\/v2\/types\/post"}],"author":[{"embeddable":true,"href":"https:\/\/www.urbinavolant.com\/verbavolant\/index.php\/wp-json\/wp\/v2\/users\/1"}],"replies":[{"embeddable":true,"href":"https:\/\/www.urbinavolant.com\/verbavolant\/index.php\/wp-json\/wp\/v2\/comments?post=7556"}],"version-history":[{"count":0,"href":"https:\/\/www.urbinavolant.com\/verbavolant\/index.php\/wp-json\/wp\/v2\/posts\/7556\/revisions"}],"wp:attachment":[{"href":"https:\/\/www.urbinavolant.com\/verbavolant\/index.php\/wp-json\/wp\/v2\/media?parent=7556"}],"wp:term":[{"taxonomy":"category","embeddable":true,"href":"https:\/\/www.urbinavolant.com\/verbavolant\/index.php\/wp-json\/wp\/v2\/categories?post=7556"},{"taxonomy":"post_tag","embeddable":true,"href":"https:\/\/www.urbinavolant.com\/verbavolant\/index.php\/wp-json\/wp\/v2\/tags?post=7556"}],"curies":[{"name":"wp","href":"https:\/\/api.w.org\/{rel}","templated":true}]}}