{"id":8034,"date":"2023-01-25T20:18:06","date_gmt":"2023-01-25T19:18:06","guid":{"rendered":"https:\/\/www.urbinavolant.com\/verbavolant\/?p=8034"},"modified":"2023-01-25T20:18:06","modified_gmt":"2023-01-25T19:18:06","slug":"querido-diario-dos-puntos-veinticinco-de-enero","status":"publish","type":"post","link":"https:\/\/www.urbinavolant.com\/verbavolant\/index.php\/2023\/01\/25\/querido-diario-dos-puntos-veinticinco-de-enero\/","title":{"rendered":"QUERIDO DIARIO DOS PUNTOS VEINTICINCO DE ENERO"},"content":{"rendered":"<div class=\"wp-block-image\">\n<figure class=\"aligncenter size-full\"><a href=\"https:\/\/flic.kr\/p\/LwA2k1\" target=\"_blank\" rel=\"noreferrer noopener\"><img data-recalc-dims=\"1\" loading=\"lazy\" decoding=\"async\" width=\"799\" height=\"533\" src=\"https:\/\/i0.wp.com\/www.urbinavolant.com\/verbavolant\/wp-content\/uploads\/2023\/01\/29225830946_5fe5d56576_c.jpg?resize=799%2C533&#038;ssl=1\" alt=\"\" class=\"wp-image-8035\" srcset=\"https:\/\/i0.wp.com\/www.urbinavolant.com\/verbavolant\/wp-content\/uploads\/2023\/01\/29225830946_5fe5d56576_c.jpg?w=799&amp;ssl=1 799w, https:\/\/i0.wp.com\/www.urbinavolant.com\/verbavolant\/wp-content\/uploads\/2023\/01\/29225830946_5fe5d56576_c.jpg?resize=300%2C200&amp;ssl=1 300w, https:\/\/i0.wp.com\/www.urbinavolant.com\/verbavolant\/wp-content\/uploads\/2023\/01\/29225830946_5fe5d56576_c.jpg?resize=768%2C512&amp;ssl=1 768w\" sizes=\"auto, (max-width: 799px) 100vw, 799px\" \/><\/a><\/figure>\n<\/div>\n\n\n<p>querido diario dos puntos. paso poco por aqu\u00ed y me doy cuenta de que, al final, todo se va transformando en algo que no quiero, que enredo mis minutos sin dejar tiempo para el sosiego, para respirar hondo y para mirar al techo y punto. resulta que me gustan cosas que no hago y lo pospongo todo por una bandeja de correo interminable, por una lista de cosas pendientes inagotable. Una imposibilidad de poder pensar con calma, analizar y no ejecutar, ejecutar y ejecutar. nadie me obliga, nada me lo impide. Por eso me siento doblemente culpable e inocente, juez y abogado y fiscal de un proceso absurdo. que luego la vida se gira y te estrellas igual, hagas lo que hagas, pienses lo que pienses. nunca hab\u00edas tenido tantos d\u00edas seguidos intentando conciliar el sue\u00f1o. te despertabas en mitad de la noche muchas veces, s\u00ed, pero nunca con esa sensaci\u00f3n de asfixia, con esas im\u00e1genes recurrentes de todo lo que te queda por hacer. y aqu\u00ed est\u00e1s, con todo hecho y todo por hacer, con la mirada cansada. un soplo de aire fresco. un d\u00eda sin hacer nada. han pasado muchos d\u00edas sin jazz, muchos d\u00edas sin Bach. imposibilidad de centrarte en pel\u00edculas hondas y con una propensi\u00f3n delirante a ver comedias tontas. y sin el amparo de la escritura, priv\u00e1ndote de una de las cosas que te sanan. te quejas de vicio probablemente. tienes muchas cosas por las que estas contento, seguro. pero te falta esa conexi\u00f3n con la imaginaci\u00f3n, este apego exagerado al d\u00eda a d\u00eda. pasan los d\u00edas con una cabeza llena y un coraz\u00f3n inane. y paso a que, querido diario, para cont\u00e1rtelo<\/p>\n\n\n\n<p>Entrada perteneciente a <a rel=\"noreferrer noopener\" href=\"https:\/\/www.urbinavolant.com\/verbavolant\/index.php\/tag\/querido-diario-dos-puntos\/\" target=\"_blank\">querido diario dos puntos<\/a>. Con imagen de <a href=\"https:\/\/www.flickr.com\/photos\/ynakanishi\/\" target=\"_blank\" rel=\"noreferrer noopener\">Y Nakanishi<\/a>.<\/p>\n\n\n\n<p><\/p>\n","protected":false},"excerpt":{"rendered":"<p>querido diario dos puntos. paso poco por aqu\u00ed y me doy cuenta de que, al final, todo se va transformando en algo que no quiero, que enredo mis minutos sin dejar tiempo para el sosiego, para respirar hondo y para mirar al techo y punto. resulta que me gustan cosas que no hago y lo &#8230; <a title=\"QUERIDO DIARIO DOS PUNTOS VEINTICINCO DE ENERO\" class=\"read-more\" href=\"https:\/\/www.urbinavolant.com\/verbavolant\/index.php\/2023\/01\/25\/querido-diario-dos-puntos-veinticinco-de-enero\/\" aria-label=\"Leer m\u00e1s sobre QUERIDO DIARIO DOS PUNTOS VEINTICINCO DE ENERO\">Leer m\u00e1s<\/a><\/p>\n","protected":false},"author":1,"featured_media":0,"comment_status":"open","ping_status":"open","sticky":false,"template":"","format":"standard","meta":{"_monsterinsights_skip_tracking":false,"_monsterinsights_sitenote_active":false,"_monsterinsights_sitenote_note":"","_monsterinsights_sitenote_category":0,"_kadence_starter_templates_imported_post":false,"jetpack_post_was_ever_published":false,"_jetpack_newsletter_access":"","_jetpack_dont_email_post_to_subs":false,"_jetpack_newsletter_tier_id":0,"_jetpack_memberships_contains_paywalled_content":false,"_jetpack_memberships_contains_paid_content":false,"footnotes":"","jetpack_publicize_message":"","jetpack_publicize_feature_enabled":true,"jetpack_social_post_already_shared":true,"jetpack_social_options":{"image_generator_settings":{"template":"highway","default_image_id":0,"font":"","enabled":false},"version":2}},"categories":[61],"tags":[158],"class_list":["post-8034","post","type-post","status-publish","format-standard","hentry","category-laberintos","tag-querido-diario-dos-puntos"],"jetpack_publicize_connections":[],"jetpack_featured_media_url":"","jetpack_shortlink":"https:\/\/wp.me\/pLsVN-25A","jetpack_sharing_enabled":true,"_links":{"self":[{"href":"https:\/\/www.urbinavolant.com\/verbavolant\/index.php\/wp-json\/wp\/v2\/posts\/8034","targetHints":{"allow":["GET"]}}],"collection":[{"href":"https:\/\/www.urbinavolant.com\/verbavolant\/index.php\/wp-json\/wp\/v2\/posts"}],"about":[{"href":"https:\/\/www.urbinavolant.com\/verbavolant\/index.php\/wp-json\/wp\/v2\/types\/post"}],"author":[{"embeddable":true,"href":"https:\/\/www.urbinavolant.com\/verbavolant\/index.php\/wp-json\/wp\/v2\/users\/1"}],"replies":[{"embeddable":true,"href":"https:\/\/www.urbinavolant.com\/verbavolant\/index.php\/wp-json\/wp\/v2\/comments?post=8034"}],"version-history":[{"count":1,"href":"https:\/\/www.urbinavolant.com\/verbavolant\/index.php\/wp-json\/wp\/v2\/posts\/8034\/revisions"}],"predecessor-version":[{"id":8036,"href":"https:\/\/www.urbinavolant.com\/verbavolant\/index.php\/wp-json\/wp\/v2\/posts\/8034\/revisions\/8036"}],"wp:attachment":[{"href":"https:\/\/www.urbinavolant.com\/verbavolant\/index.php\/wp-json\/wp\/v2\/media?parent=8034"}],"wp:term":[{"taxonomy":"category","embeddable":true,"href":"https:\/\/www.urbinavolant.com\/verbavolant\/index.php\/wp-json\/wp\/v2\/categories?post=8034"},{"taxonomy":"post_tag","embeddable":true,"href":"https:\/\/www.urbinavolant.com\/verbavolant\/index.php\/wp-json\/wp\/v2\/tags?post=8034"}],"curies":[{"name":"wp","href":"https:\/\/api.w.org\/{rel}","templated":true}]}}