{"id":8144,"date":"2024-06-21T12:02:29","date_gmt":"2024-06-21T11:02:29","guid":{"rendered":"https:\/\/www.urbinavolant.com\/verbavolant\/?p=8144"},"modified":"2024-06-21T12:02:29","modified_gmt":"2024-06-21T11:02:29","slug":"el-yoga-y-lo-demas-reflexiones-desde-una-esterilla","status":"publish","type":"post","link":"https:\/\/www.urbinavolant.com\/verbavolant\/index.php\/2024\/06\/21\/el-yoga-y-lo-demas-reflexiones-desde-una-esterilla\/","title":{"rendered":"El yoga y lo dem\u00e1s. Reflexiones desde una esterilla"},"content":{"rendered":"<div class=\"wp-block-image\">\n<figure class=\"aligncenter size-full\"><a href=\"https:\/\/flic.kr\/p\/Xe5Z3d\" target=\"_blank\" rel=\"noreferrer noopener\"><img data-recalc-dims=\"1\" loading=\"lazy\" decoding=\"async\" width=\"800\" height=\"548\" src=\"https:\/\/i0.wp.com\/www.urbinavolant.com\/verbavolant\/wp-content\/uploads\/2024\/06\/36247709012_190a67e46e_c.jpg?resize=800%2C548&#038;ssl=1\" alt=\"\" class=\"wp-image-8145\" srcset=\"https:\/\/i0.wp.com\/www.urbinavolant.com\/verbavolant\/wp-content\/uploads\/2024\/06\/36247709012_190a67e46e_c.jpg?w=800&amp;ssl=1 800w, https:\/\/i0.wp.com\/www.urbinavolant.com\/verbavolant\/wp-content\/uploads\/2024\/06\/36247709012_190a67e46e_c.jpg?resize=300%2C206&amp;ssl=1 300w, https:\/\/i0.wp.com\/www.urbinavolant.com\/verbavolant\/wp-content\/uploads\/2024\/06\/36247709012_190a67e46e_c.jpg?resize=768%2C526&amp;ssl=1 768w\" sizes=\"auto, (max-width: 800px) 100vw, 800px\" \/><\/a><\/figure>\n<\/div>\n\n\n<p>El espacio que podemos necesitar para sentirnos libres es el de una esterilla de yoga. <\/p>\n\n\n\n<p>Emmanuel Carr\u00e8re, en su novela <em>Yoga<\/em> (2020) dice algo as\u00ed, m\u00e1s o menos, como esto. He le\u00eddo con mucha atenci\u00f3n este libro, pero, pese a su brevedad, me he demorado mucho m\u00e1s de lo habitual. La tem\u00e1tica de la novelas, que, de primeras, parece bastante banal, va complic\u00e1ndose. Porque es un libro sobre lo que es el yoga y la meditaci\u00f3n y lo que contienen estas dos pr\u00e1cticas para la existencia, pero tambi\u00e9n un libro sobre todas las complicaciones, todas las contradicciones y todos los equilibrios que parecen, conjuntados, aunar y separar una cosa de la otra.<\/p>\n\n\n\n<p>Prueba de ello es la cantidad de definiciones que van esparci\u00e9ndose por la novela al hilo de reflexiones de una vida que, en una lucha permanente por la armon\u00eda, a veces se quiebra: \u00abbastaba con contar lo que me pasaba. El problema es que no s\u00e9 lo que me pasa y no estoy ya en condiciones de contar ni de contarme nada. Para vivir se necesita un relato, yo ya no tengo ninguno\u00bb.<\/p>\n\n\n\n<p>El vivir requiere un tiempo y un espacio. Es cierto que, si somos capaces, de ce\u00f1irnos a esas reglas, si somos capaces de respirar sin que se nos escape el aliento, si somos capaces de ser consciente de que, en un espacio muy reducido tendremos todos los movimientos que nos proporcionan fuerza, flexibilidad, adaptaci\u00f3n al cuerpo y enganche con la mente, la cosa funciona. El problema es que no s\u00e9 si la gente se libera de los problemas porque hace yoga o hace yoga para liberarse de los problemas.<\/p>\n\n\n\n<p>Vaya por delante que no creo en el yoga ni en la meditaci\u00f3n en sus dimensiones espirituales. Si he practicado yoga, ha sido por motivos meramente f\u00edsicos, consciente de que me ir\u00eda bien para determinadas cosas. Pero nada de iluminaciones, transcendencias ni zarandajas. Y, del mismo modo que creo que las cosas pueden no ser para siempre, estoy convencido de que el yoga menos todav\u00eda en esas dimensiones.<\/p>\n\n\n\n<p>Por eso, cuando el tiempo y el espacio se hacen relativos, cuando no hay modo humano ni inhumano de controlarlos, cuando la cabeza se te desboca y se va despedazando por el cuerpo, la esterilla puede convertirse en un salvavidas, de acuerdo, pero en medio de un mar inmenso, sin costas a la vista. O pasa un barco, una lancha o un helic\u00f3ptero o solo vivir\u00e1s un tiempo muy tangible aferrado a un espacio.<\/p>\n\n\n\n<p>Para vivir, nos hace falta un relato.  Un planteamiento, un nudo&#8230; y algo que lo desenganche. Que puede ser, s\u00ed, un desenlace.<\/p>\n\n\n\n<p>La imagen es de  <a href=\"https:\/\/flic.kr\/p\/Xe5Z3d\" target=\"_blank\" rel=\"noreferrer noopener\">Ren\u00e9 Slack<\/a>.<\/p>\n","protected":false},"excerpt":{"rendered":"<p>El espacio que podemos necesitar para sentirnos libres es el de una esterilla de yoga. Emmanuel Carr\u00e8re, en su novela Yoga (2020) dice algo as\u00ed, m\u00e1s o menos, como esto. He le\u00eddo con mucha atenci\u00f3n este libro, pero, pese a su brevedad, me he demorado mucho m\u00e1s de lo habitual. La tem\u00e1tica de la novelas, &#8230; <a title=\"El yoga y lo dem\u00e1s. Reflexiones desde una esterilla\" class=\"read-more\" href=\"https:\/\/www.urbinavolant.com\/verbavolant\/index.php\/2024\/06\/21\/el-yoga-y-lo-demas-reflexiones-desde-una-esterilla\/\" aria-label=\"Leer m\u00e1s sobre El yoga y lo dem\u00e1s. Reflexiones desde una esterilla\">Leer m\u00e1s<\/a><\/p>\n","protected":false},"author":1,"featured_media":0,"comment_status":"open","ping_status":"open","sticky":false,"template":"","format":"standard","meta":{"_monsterinsights_skip_tracking":false,"_monsterinsights_sitenote_active":false,"_monsterinsights_sitenote_note":"","_monsterinsights_sitenote_category":0,"_kadence_starter_templates_imported_post":false,"jetpack_post_was_ever_published":false,"_jetpack_newsletter_access":"","_jetpack_dont_email_post_to_subs":false,"_jetpack_newsletter_tier_id":0,"_jetpack_memberships_contains_paywalled_content":false,"_jetpack_memberships_contains_paid_content":false,"footnotes":"","jetpack_publicize_message":"","jetpack_publicize_feature_enabled":true,"jetpack_social_post_already_shared":true,"jetpack_social_options":{"image_generator_settings":{"template":"highway","default_image_id":0,"font":"","enabled":false},"version":2}},"categories":[44,61,65],"tags":[],"class_list":["post-8144","post","type-post","status-publish","format-standard","hentry","category-comparaciones","category-laberintos","category-sentido"],"jetpack_publicize_connections":[],"jetpack_featured_media_url":"","jetpack_shortlink":"https:\/\/wp.me\/pLsVN-27m","jetpack_sharing_enabled":true,"_links":{"self":[{"href":"https:\/\/www.urbinavolant.com\/verbavolant\/index.php\/wp-json\/wp\/v2\/posts\/8144","targetHints":{"allow":["GET"]}}],"collection":[{"href":"https:\/\/www.urbinavolant.com\/verbavolant\/index.php\/wp-json\/wp\/v2\/posts"}],"about":[{"href":"https:\/\/www.urbinavolant.com\/verbavolant\/index.php\/wp-json\/wp\/v2\/types\/post"}],"author":[{"embeddable":true,"href":"https:\/\/www.urbinavolant.com\/verbavolant\/index.php\/wp-json\/wp\/v2\/users\/1"}],"replies":[{"embeddable":true,"href":"https:\/\/www.urbinavolant.com\/verbavolant\/index.php\/wp-json\/wp\/v2\/comments?post=8144"}],"version-history":[{"count":2,"href":"https:\/\/www.urbinavolant.com\/verbavolant\/index.php\/wp-json\/wp\/v2\/posts\/8144\/revisions"}],"predecessor-version":[{"id":8147,"href":"https:\/\/www.urbinavolant.com\/verbavolant\/index.php\/wp-json\/wp\/v2\/posts\/8144\/revisions\/8147"}],"wp:attachment":[{"href":"https:\/\/www.urbinavolant.com\/verbavolant\/index.php\/wp-json\/wp\/v2\/media?parent=8144"}],"wp:term":[{"taxonomy":"category","embeddable":true,"href":"https:\/\/www.urbinavolant.com\/verbavolant\/index.php\/wp-json\/wp\/v2\/categories?post=8144"},{"taxonomy":"post_tag","embeddable":true,"href":"https:\/\/www.urbinavolant.com\/verbavolant\/index.php\/wp-json\/wp\/v2\/tags?post=8144"}],"curies":[{"name":"wp","href":"https:\/\/api.w.org\/{rel}","templated":true}]}}