{"id":8154,"date":"2024-09-10T17:16:03","date_gmt":"2024-09-10T16:16:03","guid":{"rendered":"https:\/\/www.urbinavolant.com\/verbavolant\/?p=8154"},"modified":"2024-09-10T17:16:03","modified_gmt":"2024-09-10T16:16:03","slug":"no-es-caerse-del-caballo-es-bajarse-del-burro","status":"publish","type":"post","link":"https:\/\/www.urbinavolant.com\/verbavolant\/index.php\/2024\/09\/10\/no-es-caerse-del-caballo-es-bajarse-del-burro\/","title":{"rendered":"No es caerse del caballo, es bajarse del burro"},"content":{"rendered":"<div class=\"wp-block-image\">\n<figure class=\"aligncenter size-full\"><img data-recalc-dims=\"1\" loading=\"lazy\" decoding=\"async\" width=\"1018\" height=\"861\" src=\"https:\/\/i0.wp.com\/www.urbinavolant.com\/verbavolant\/wp-content\/uploads\/2024\/09\/Captura-de-pantalla-2024-09-10-a-las-17.50.17.png?resize=1018%2C861&#038;ssl=1\" alt=\"\" class=\"wp-image-8155\" style=\"aspect-ratio:4\/3;object-fit:cover\" srcset=\"https:\/\/i0.wp.com\/www.urbinavolant.com\/verbavolant\/wp-content\/uploads\/2024\/09\/Captura-de-pantalla-2024-09-10-a-las-17.50.17.png?w=1018&amp;ssl=1 1018w, https:\/\/i0.wp.com\/www.urbinavolant.com\/verbavolant\/wp-content\/uploads\/2024\/09\/Captura-de-pantalla-2024-09-10-a-las-17.50.17.png?resize=300%2C254&amp;ssl=1 300w, https:\/\/i0.wp.com\/www.urbinavolant.com\/verbavolant\/wp-content\/uploads\/2024\/09\/Captura-de-pantalla-2024-09-10-a-las-17.50.17.png?resize=768%2C650&amp;ssl=1 768w\" sizes=\"auto, (max-width: 1018px) 100vw, 1018px\" \/><\/figure>\n<\/div>\n\n\n<p>\u00a0<\/p>\n<p>\u00a0<\/p>\n\n\n\n<p class=\"has-ast-global-color-8-color has-text-color has-link-color wp-elements-b45669759788f6cf47f76cf8b4535d45\">No se trata de caerse del caballo. Como sab\u00e9is, Pablo de Tarso, perseguidor de los cristianos, se cuenta que Saulo se cay\u00f3 del caballo en un viaje de Jerusal\u00e9n a Damasco al ver (presuntamente) a Jes\u00fas resucitado. Y ah\u00ed empez\u00f3 una historia diferente para el cristianismo, del que fue no s\u00e9 si Pablo difusor o, incluso, inventor. Al margen de que sea una an\u00e9cdota reflejada de manera recurrente en el mundo del arte, no hay ninguna referencia en el Nuevo Testamento que avale este hecho, pero se alude a la ca\u00edda del caballo para mostrar ese cambio de opini\u00f3n, inesperada, dr\u00e1stica, contundente, en el que se pasa de la oscuridad y la obcecaci\u00f3n a la luz y la clarividencia.<\/p>\n\n\n\n<p class=\"has-ast-global-color-8-color has-text-color has-link-color wp-elements-a21085bde49cbbfcd241d816700bd28b\">En nuestro, resulta muy f\u00e1cil caerse del caballo y dejarse imbuir por la revelaci\u00f3n suprema, pero, adem\u00e1s de poco pr\u00e1ctico y aburrido, es algo exagerado, m\u00e1s fantasioso y voluntarioso que real. A poco que pasen minutos, horas, semanas o meses, volvemos al caballo para caernos otra vez. Y luego tienes que ponerte a escribir cartas a diestro y siniestro, desde los corintios a los tesalonicenses.<\/p>\n\n\n\n<p class=\"has-ast-global-color-8-color has-text-color has-link-color wp-elements-945e96517d06b88effeb4d55731f0032\">Por lo tanto, no es caerse del caballo de lo que se trata. De lo que se trata es de bajarse del burro. Y no tiene nada que ver con esa atractiva mentira de implorar: \u00ab\u00a1Que paren el mundo, que yo me bajo\u00bb. A no ser que nos inflemos a pastillas, nos pongamos una pistola en la sien o nos aventuremos a explotar en el suelo en ca\u00edda libre, del mundo no se puede bajar. Es una pataleta algo infantil, algo m\u00e1s atrevida que enfadarse y no respirarse y lejana del taparse con la servilleta negando nuestra existencia, pero el mundo est\u00e1 ah\u00ed, nos guste o no.<\/p>\n\n\n\n<p class=\"has-ast-global-color-8-color has-text-color\">Soy poco amigo de ser transportado por animales que no controlo y que est\u00e1n obligados a hacer ese trabajo pesaroso de manera recurrente y servil. Y, sobre todo, creo que nuestro peque\u00f1o mundo est\u00e1 encarrilado por esa trayectoria prefijada que ese animal podr\u00eda hacer por s\u00ed solo y nos tiene a nosotros como viajeros circunstanciales.\u00a0Y reconozco que es dif\u00edcil decir basta, que ya est\u00e1 bien, pero me parece saludable y necesario bajarse del burro en los momentos que el trayecto lo requiera. Yo no sab\u00eda c\u00f3mo se paraba ese burro y me parec\u00eda aparatoso y complicado bajarse del burro. Con un poco de pr\u00e1ctica y decisi\u00f3n, te atreves, lo pruebas. Y repites, sin duda.<\/p>\n\n\n\n<p>La foto est\u00e1 sacada en Marrakech en 2019.<\/p>\n","protected":false},"excerpt":{"rendered":"<p>No se trata de caerse del caballo. Como sab\u00e9is, Pablo de Tarso, perseguidor de los cristianos, se cuenta que Saulo se cay\u00f3 del caballo en un viaje de Jerusal\u00e9n a Damasco al ver (presuntamente) a Jes\u00fas resucitado. Y ah\u00ed empez\u00f3 una historia diferente para el cristianismo, del que fue no s\u00e9 si Pablo difusor o, &#8230; <a title=\"No es caerse del caballo, es bajarse del burro\" class=\"read-more\" href=\"https:\/\/www.urbinavolant.com\/verbavolant\/index.php\/2024\/09\/10\/no-es-caerse-del-caballo-es-bajarse-del-burro\/\" aria-label=\"Leer m\u00e1s sobre No es caerse del caballo, es bajarse del burro\">Leer m\u00e1s<\/a><\/p>\n","protected":false},"author":1,"featured_media":0,"comment_status":"open","ping_status":"open","sticky":false,"template":"","format":"standard","meta":{"_monsterinsights_skip_tracking":false,"_monsterinsights_sitenote_active":false,"_monsterinsights_sitenote_note":"","_monsterinsights_sitenote_category":0,"_kadence_starter_templates_imported_post":false,"jetpack_post_was_ever_published":false,"_jetpack_newsletter_access":"","_jetpack_dont_email_post_to_subs":false,"_jetpack_newsletter_tier_id":0,"_jetpack_memberships_contains_paywalled_content":false,"_jetpack_memberships_contains_paid_content":false,"footnotes":"","jetpack_publicize_message":"","jetpack_publicize_feature_enabled":true,"jetpack_social_post_already_shared":false,"jetpack_social_options":{"image_generator_settings":{"template":"highway","enabled":false},"version":2}},"categories":[44,65],"tags":[],"class_list":["post-8154","post","type-post","status-publish","format-standard","hentry","category-comparaciones","category-sentido"],"jetpack_publicize_connections":[],"jetpack_featured_media_url":"","jetpack_shortlink":"https:\/\/wp.me\/pLsVN-27w","jetpack_sharing_enabled":true,"_links":{"self":[{"href":"https:\/\/www.urbinavolant.com\/verbavolant\/index.php\/wp-json\/wp\/v2\/posts\/8154","targetHints":{"allow":["GET"]}}],"collection":[{"href":"https:\/\/www.urbinavolant.com\/verbavolant\/index.php\/wp-json\/wp\/v2\/posts"}],"about":[{"href":"https:\/\/www.urbinavolant.com\/verbavolant\/index.php\/wp-json\/wp\/v2\/types\/post"}],"author":[{"embeddable":true,"href":"https:\/\/www.urbinavolant.com\/verbavolant\/index.php\/wp-json\/wp\/v2\/users\/1"}],"replies":[{"embeddable":true,"href":"https:\/\/www.urbinavolant.com\/verbavolant\/index.php\/wp-json\/wp\/v2\/comments?post=8154"}],"version-history":[{"count":1,"href":"https:\/\/www.urbinavolant.com\/verbavolant\/index.php\/wp-json\/wp\/v2\/posts\/8154\/revisions"}],"predecessor-version":[{"id":8156,"href":"https:\/\/www.urbinavolant.com\/verbavolant\/index.php\/wp-json\/wp\/v2\/posts\/8154\/revisions\/8156"}],"wp:attachment":[{"href":"https:\/\/www.urbinavolant.com\/verbavolant\/index.php\/wp-json\/wp\/v2\/media?parent=8154"}],"wp:term":[{"taxonomy":"category","embeddable":true,"href":"https:\/\/www.urbinavolant.com\/verbavolant\/index.php\/wp-json\/wp\/v2\/categories?post=8154"},{"taxonomy":"post_tag","embeddable":true,"href":"https:\/\/www.urbinavolant.com\/verbavolant\/index.php\/wp-json\/wp\/v2\/tags?post=8154"}],"curies":[{"name":"wp","href":"https:\/\/api.w.org\/{rel}","templated":true}]}}