{"id":8591,"date":"2026-04-30T18:51:09","date_gmt":"2026-04-30T17:51:09","guid":{"rendered":"https:\/\/www.urbinavolant.com\/verbavolant\/?p=8591"},"modified":"2026-04-30T18:51:13","modified_gmt":"2026-04-30T17:51:13","slug":"echas-la-vista-atras-blogologo-interior-25","status":"publish","type":"post","link":"https:\/\/www.urbinavolant.com\/verbavolant\/index.php\/2026\/04\/30\/echas-la-vista-atras-blogologo-interior-25\/","title":{"rendered":"echas la vista atr\u00e1s &#8211; blog\u00f3logo interior #25"},"content":{"rendered":"\n<figure class=\"wp-block-image size-full\"><img data-recalc-dims=\"1\" loading=\"lazy\" decoding=\"async\" width=\"800\" height=\"600\" src=\"https:\/\/i0.wp.com\/www.urbinavolant.com\/verbavolant\/wp-content\/uploads\/2026\/04\/1442594977_89e402fd5c_c.jpg?resize=800%2C600&#038;ssl=1\" alt=\"\" class=\"wp-image-8592\" srcset=\"https:\/\/i0.wp.com\/www.urbinavolant.com\/verbavolant\/wp-content\/uploads\/2026\/04\/1442594977_89e402fd5c_c.jpg?w=800&amp;ssl=1 800w, https:\/\/i0.wp.com\/www.urbinavolant.com\/verbavolant\/wp-content\/uploads\/2026\/04\/1442594977_89e402fd5c_c.jpg?resize=300%2C225&amp;ssl=1 300w, https:\/\/i0.wp.com\/www.urbinavolant.com\/verbavolant\/wp-content\/uploads\/2026\/04\/1442594977_89e402fd5c_c.jpg?resize=768%2C576&amp;ssl=1 768w\" sizes=\"auto, (max-width: 800px) 100vw, 800px\" \/><\/figure>\n\n\n\n<p>echas la vista atr\u00e1s y ya ves contemplas d\u00e9cadas magnitudes considerables que a buen seguro habr\u00e1n acogido millones de sensaciones recuerdos y te preguntas ahora si la vida puede ser algo m\u00e1s algo m\u00e1s que un pasatiempo en el que no hay manera que casen algunas consonantes por mucho que tengas pistas en horizontal y vertical <\/p>\n\n\n\n<p>echas la vista atr\u00e1s y eres consciente de que te resulta dif\u00edcil reconocer las voces de tu pasado litros de melancol\u00eda y kilos de realidades que se te han ca\u00eddo encima hebras que se deshilachan peligrosamente hasta pender de eso de un hilo hebras en llamas que sujetan un puente que se caer\u00e1 como en esas pel\u00edculas y sabes que tras el \u00faltimo hilo y el fuego solo quedan hect\u00e1reas de abismo <\/p>\n\n\n\n<p>echas la vista atr\u00e1s y compruebas que te enga\u00f1aron con la teor\u00eda y los ejemplos que eran toreos de sal\u00f3n compruebas que la pr\u00e1ctica es irresoluble laberinto con minotauros a montones y poqu\u00edsimas ariadnas poqu\u00edsimas porque no las hay o porque no las sabes ver echas la vista atr\u00e1s y eres consciente de que el eterno retorno es vivir una y otra vez pero nada m\u00e1s y s\u00ed nada menos<\/p>\n\n\n\n<p>echas la vista atr\u00e1s y compruebas todo lo que te ha faltado por bailar en un cuerpo que quiere bailar y no puede en un cuerpo que quiera bailar y no sabe que quiere bailar y se qued\u00f3 reducido a una estatua de sal echas la vista atr\u00e1s y eres muy consciente de que eres un desobediente muy disciplinado o un obediente que se escapa por los quicios del cristal pero en todo caso te has quedado petrificado como ese convidado al lado del donju\u00e1n un fantoche invisible un esp\u00eda con los ojos cerrados de par en par<\/p>\n\n\n\n<p>eres consciente de que esas cosas importantes tienen una fecha de consumo preferente y t\u00fa las dejas en la nevera hasta que se te hace demasiado tarde eres consciente de que que sue\u00f1as y no te duermes de que tienes una br\u00fajula que est\u00e1 para lo que necesitas pero no la aprovechas porque nunca pides nunca dices nunca sugieres directamente sino que esperas a que la vida y los astros y todo lo dem\u00e1s se alineen y eres consciente del miedo que te produce vivir en un mundo con demasiada claridad precisamente por eso las sombras son m\u00e1s pronunciadas<\/p>\n\n\n\n<p>eres consciente de que entre la cordura y el delirio hay medio mil\u00edmetro de que naciste en un equilibrio entre silencios y v\u00e9rtigos y no sab\u00edas lo que eran porque ignorabas que el abismo est\u00e1 a la vuelta de todas las esquinas<\/p>\n\n\n\n<p>eres consciente de que ves muy clara toda la oscuridad eres consciente de que todo el mundo todo el mundo te incomprende porque t\u00fa no te sabes explicar y de que la vida podr\u00eda ser extraordinaria pero t\u00fa te ca\u00edste del columpio desde lo m\u00e1s alto<\/p>\n\n\n\n<p>eres consciente de que te han pedido que hagas una tarea y no te ves capaz ya ves solo analizar para dejar de odiarte y buscar alguna cosa positiva que tengas y eres consciente de que por m\u00e1s que lo pienses no encuentras ninguna<\/p>\n\n\n\n<p>Esta es la entrada n\u00famero 25\u00a0de mis \u00a0<a href=\"http:\/\/www.urbinavolant.com\/verbavolant\/index.php\/tag\/blogologo\/\" target=\"_blank\" rel=\"noreferrer noopener\"><em>Blog\u00f3logos interiores<\/em><\/a>. La imagen es de <a href=\"https:\/\/flic.kr\/p\/3ctFec\" target=\"_blank\" rel=\"noreferrer noopener\">Andy Price\u00a0<\/a>.<br \/><br \/><\/p>\n","protected":false},"excerpt":{"rendered":"<p>echas la vista atr\u00e1s y ya ves contemplas d\u00e9cadas magnitudes considerables que a buen seguro habr\u00e1n acogido millones de sensaciones recuerdos y te preguntas ahora si la vida puede ser algo m\u00e1s algo m\u00e1s que un pasatiempo en el que no hay manera que casen algunas consonantes por mucho que tengas pistas en horizontal y &#8230; <a title=\"echas la vista atr\u00e1s &#8211; blog\u00f3logo interior #25\" class=\"read-more\" href=\"https:\/\/www.urbinavolant.com\/verbavolant\/index.php\/2026\/04\/30\/echas-la-vista-atras-blogologo-interior-25\/\" aria-label=\"Leer m\u00e1s sobre echas la vista atr\u00e1s &#8211; blog\u00f3logo interior #25\">Leer m\u00e1s<\/a><\/p>\n","protected":false},"author":1,"featured_media":0,"comment_status":"open","ping_status":"open","sticky":false,"template":"","format":"standard","meta":{"_monsterinsights_skip_tracking":false,"_monsterinsights_sitenote_active":false,"_monsterinsights_sitenote_note":"","_monsterinsights_sitenote_category":0,"_kadence_starter_templates_imported_post":false,"jetpack_post_was_ever_published":false,"_jetpack_newsletter_access":"","_jetpack_dont_email_post_to_subs":false,"_jetpack_newsletter_tier_id":0,"_jetpack_memberships_contains_paywalled_content":false,"_jetpack_memberships_contains_paid_content":false,"footnotes":"","jetpack_publicize_message":"","jetpack_publicize_feature_enabled":true,"jetpack_social_post_already_shared":true,"jetpack_social_options":{"image_generator_settings":{"template":"highway","default_image_id":0,"font":"","enabled":false},"version":2}},"categories":[37,72,61,65],"tags":[128],"class_list":["post-8591","post","type-post","status-publish","format-standard","hentry","category-abismo","category-contrastes","category-laberintos","category-sentido","tag-blogologo"],"jetpack_publicize_connections":[],"jetpack_featured_media_url":"","jetpack_shortlink":"https:\/\/wp.me\/pLsVN-2ez","jetpack_sharing_enabled":true,"_links":{"self":[{"href":"https:\/\/www.urbinavolant.com\/verbavolant\/index.php\/wp-json\/wp\/v2\/posts\/8591","targetHints":{"allow":["GET"]}}],"collection":[{"href":"https:\/\/www.urbinavolant.com\/verbavolant\/index.php\/wp-json\/wp\/v2\/posts"}],"about":[{"href":"https:\/\/www.urbinavolant.com\/verbavolant\/index.php\/wp-json\/wp\/v2\/types\/post"}],"author":[{"embeddable":true,"href":"https:\/\/www.urbinavolant.com\/verbavolant\/index.php\/wp-json\/wp\/v2\/users\/1"}],"replies":[{"embeddable":true,"href":"https:\/\/www.urbinavolant.com\/verbavolant\/index.php\/wp-json\/wp\/v2\/comments?post=8591"}],"version-history":[{"count":1,"href":"https:\/\/www.urbinavolant.com\/verbavolant\/index.php\/wp-json\/wp\/v2\/posts\/8591\/revisions"}],"predecessor-version":[{"id":8593,"href":"https:\/\/www.urbinavolant.com\/verbavolant\/index.php\/wp-json\/wp\/v2\/posts\/8591\/revisions\/8593"}],"wp:attachment":[{"href":"https:\/\/www.urbinavolant.com\/verbavolant\/index.php\/wp-json\/wp\/v2\/media?parent=8591"}],"wp:term":[{"taxonomy":"category","embeddable":true,"href":"https:\/\/www.urbinavolant.com\/verbavolant\/index.php\/wp-json\/wp\/v2\/categories?post=8591"},{"taxonomy":"post_tag","embeddable":true,"href":"https:\/\/www.urbinavolant.com\/verbavolant\/index.php\/wp-json\/wp\/v2\/tags?post=8591"}],"curies":[{"name":"wp","href":"https:\/\/api.w.org\/{rel}","templated":true}]}}